{"id":1,"date":"2020-12-02T17:43:57","date_gmt":"2020-12-02T16:43:57","guid":{"rendered":"http:\/\/sintonizaeuropa.capa8.net\/?p=1"},"modified":"2021-03-18T12:52:27","modified_gmt":"2021-03-18T11:52:27","slug":"hola-mundo","status":"publish","type":"post","link":"https:\/\/sintonizaeuropa.eu\/ca\/2020\/12\/02\/hola-mundo\/","title":{"rendered":"Benvinguts a Sintonitza Europa!"},"content":{"rendered":"\t\t<div data-elementor-type=\"wp-post\" data-elementor-id=\"1\" class=\"elementor elementor-1\" data-elementor-post-type=\"post\">\n\t\t\t\t\t\t<section class=\"elementor-section elementor-top-section elementor-element elementor-element-1a4b1fdf elementor-section-boxed elementor-section-height-default elementor-section-height-default\" data-id=\"1a4b1fdf\" data-element_type=\"section\" data-e-type=\"section\">\n\t\t\t\t\t\t<div class=\"elementor-container elementor-column-gap-default\">\n\t\t\t\t\t<div class=\"elementor-column elementor-col-100 elementor-top-column elementor-element elementor-element-2eea92f4\" data-id=\"2eea92f4\" data-element_type=\"column\" data-e-type=\"column\">\n\t\t\t<div class=\"elementor-widget-wrap elementor-element-populated\">\n\t\t\t\t\t\t<div class=\"elementor-element elementor-element-311da0c elementor-widget elementor-widget-text-editor\" data-id=\"311da0c\" data-element_type=\"widget\" data-e-type=\"widget\" data-widget_type=\"text-editor.default\">\n\t\t\t\t<div class=\"elementor-widget-container\">\n\t\t\t\t\t\t\t\t\t<iframe src=\"https:\/\/www.youtube.com\/embed\/mZDK1X01rec\" width=\"560\" height=\"315\" frameborder=\"0\" allowfullscreen=\"allowfullscreen\"><\/iframe>\n\n\n\nEl nostre projecte comen\u00e7a amb la presentaci\u00f3 del nostre canal de YouTube <a href=\"https:\/\/www.youtube.com\/channel\/UCPMebl7xk57bhUQG3iVXhfA\">Sintonitza Europa.<\/a>\n<br>\nPresenta els nostres v\u00eddeos l&#8217;advocat Josep Jover amb una llarga traject\u00f2ria en el dret de la Uni\u00f3.<br>\n<br>\nAix\u00ed comen\u00e7a la nostra presentaci\u00f3:<br>\n<br>\nAquest m\u00f3n de blau amb 12 estrelles grogues en el qual hem entrat el conformen 450 milions de consumidors, un past\u00eds apetible per al capital, per\u00f2 \u00e9s que tamb\u00e9 s\u00f3n 450 milions de ciutadans amb incipients estructures jur\u00eddiques pr\u00f2pies on se&#8217;ns plantegen obligacions i se&#8217;ns reconeixen drets.<br>\n<br>\nLamentablement la majoria dels nostres pol\u00edtics i les velles estructures de poder no volen que es parli d&#8217;ell ni que es conegui com funciona aix\u00ed s&#8217;eviten haver de complir amb les obligacions de control democr\u00e0tic que la Uni\u00f3 posa en mans dels seus ciutadans i empreses en forma de reglaments i directives i es diuen aix\u00ed, directives i reglaments, perqu\u00e8 els estats es van negar al fet que es diguessin lleis encara que el seu valor \u00e9s superior al d&#8217;una llei org\u00e0nica actual i les sent\u00e8ncies de Luxemburg tenen un car\u00e0cter de quasi constitucional.<br>\n<br>\nVolem que els Ciutadans s&#8217;empoderin i per a aix\u00f2 volem parlar amb paraules senzilles i idees clares ens situem en l&#8217;encreuament entre el Dret, la Tecnologia, la Seguretat i la Societat som activistes cr\u00edtics i al mateix temps realistes en el m\u00f3n que ens ha tocat viure apostem per Europa, per\u00f2 sabent que el xip que l&#8217;ha mogut i que la mou \u00e9s b\u00e0sicament econ\u00f2mic.\n\nNom\u00e9s fa quatre dies, com qui diu, des del 2009 que va entrar en vigor la Carta dels Drets Fonamentals dels Ciutadans de la Uni\u00f3 i la veritat \u00e9s, que aquesta Europa no sap encara qu\u00e8 fer amb tant ciutad\u00e0, no havia estat dissenyada inicialment per a aix\u00f2, tot aix\u00ed, els marcs de drets i llibertats, ja s\u00f3n significatius per a desesperaci\u00f3 dels quals manaven des de sempre i sobretot dels Estats encara en tr\u00e0nsit a una democr\u00e0cia madura com Espanya sabem tamb\u00e9 que per a poder arribar fins on s&#8217;ha arribat, a Europa no es diuen les coses pel seu nom, com s\u00f3n: s&#8217;usa un neo-llenguatge que esbrossarem pas a pas.<br>\n<br>\n\u00c9s l&#8217;Europa de les triples intencions, per\u00f2 tamb\u00e9 \u00e9s l&#8217;Europa de la superaci\u00f3 d&#8217;estar destru\u00efda totalment en pocs anys, va passar a ser el continent de les muntanyes de carn i mantega, llacs de llet, rius de vi i plan\u00edcies de cereals. \u00c9s l&#8217;Europa que en un conflicte, mai humiliar\u00e0 un Estat, mai el deixar\u00e0 fora del joc, per\u00f2 \u00e9s la que t\u00e9 les claus de la caixa i tots els Estats, han de cridar a aquesta caixa.<br>\n<br>\nSuporta immutable que la pol\u00edtica dels Estats fins ara, hagi estat d&#8217;apropiar-se dels seus encerts i culpar a Brussel\u00b7les dels seus fracassos, per\u00f2 aix\u00f2 \u00e9s Europa.\t\t\t\t\t\t\t\t<\/div>\n\t\t\t\t<\/div>\n\t\t\t\t\t<\/div>\n\t\t<\/div>\n\t\t\t\t\t<\/div>\n\t\t<\/section>\n\t\t\t\t<\/div>\n\t\t","protected":false},"excerpt":{"rendered":"<p>El nostre projecte comen\u00e7a amb la presentaci\u00f3 del nostre canal de YouTube Sintonitza Europa. Presenta els nostres v\u00eddeos l&#8217;advocat Josep Jover amb una llarga traject\u00f2ria en el dret de la Uni\u00f3. Aix\u00ed comen\u00e7a la nostra presentaci\u00f3: Aquest m\u00f3n de blau amb 12 estrelles grogues en el qual hem entrat el conformen 450 milions de consumidors,&hellip;&nbsp;<a href=\"https:\/\/sintonizaeuropa.eu\/ca\/2020\/12\/02\/hola-mundo\/\" rel=\"bookmark\">Llegiu m\u00e9s &raquo;<span class=\"screen-reader-text\">Benvinguts a Sintonitza Europa!<\/span><\/a><\/p>\n","protected":false},"author":1,"featured_media":0,"comment_status":"open","ping_status":"open","sticky":false,"template":"","format":"standard","meta":{"neve_meta_sidebar":"right","neve_meta_container":"","neve_meta_enable_content_width":"off","neve_meta_content_width":0,"neve_meta_title_alignment":"","neve_meta_author_avatar":"","neve_post_elements_order":"","neve_meta_disable_header":"","neve_meta_disable_footer":"","neve_meta_disable_title":"","_jetpack_memberships_contains_paid_content":false,"footnotes":""},"categories":[5],"tags":[],"class_list":["post-1","post","type-post","status-publish","format-standard","hentry","category-canal"],"jetpack_featured_media_url":"","jetpack_sharing_enabled":true,"_links":{"self":[{"href":"https:\/\/sintonizaeuropa.eu\/ca\/wp-json\/wp\/v2\/posts\/1","targetHints":{"allow":["GET"]}}],"collection":[{"href":"https:\/\/sintonizaeuropa.eu\/ca\/wp-json\/wp\/v2\/posts"}],"about":[{"href":"https:\/\/sintonizaeuropa.eu\/ca\/wp-json\/wp\/v2\/types\/post"}],"author":[{"embeddable":true,"href":"https:\/\/sintonizaeuropa.eu\/ca\/wp-json\/wp\/v2\/users\/1"}],"replies":[{"embeddable":true,"href":"https:\/\/sintonizaeuropa.eu\/ca\/wp-json\/wp\/v2\/comments?post=1"}],"version-history":[{"count":14,"href":"https:\/\/sintonizaeuropa.eu\/ca\/wp-json\/wp\/v2\/posts\/1\/revisions"}],"predecessor-version":[{"id":613,"href":"https:\/\/sintonizaeuropa.eu\/ca\/wp-json\/wp\/v2\/posts\/1\/revisions\/613"}],"wp:attachment":[{"href":"https:\/\/sintonizaeuropa.eu\/ca\/wp-json\/wp\/v2\/media?parent=1"}],"wp:term":[{"taxonomy":"category","embeddable":true,"href":"https:\/\/sintonizaeuropa.eu\/ca\/wp-json\/wp\/v2\/categories?post=1"},{"taxonomy":"post_tag","embeddable":true,"href":"https:\/\/sintonizaeuropa.eu\/ca\/wp-json\/wp\/v2\/tags?post=1"}],"curies":[{"name":"wp","href":"https:\/\/api.w.org\/{rel}","templated":true}]}}