{"id":1003,"date":"2021-11-08T11:01:02","date_gmt":"2021-11-08T10:01:02","guid":{"rendered":"https:\/\/sintonizaeuropa.eu\/?p=1003"},"modified":"2021-11-08T11:19:47","modified_gmt":"2021-11-08T10:19:47","slug":"interinos-traidores-a-la-patria","status":"publish","type":"post","link":"https:\/\/sintonizaeuropa.eu\/ca\/2021\/11\/08\/interinos-traidores-a-la-patria\/","title":{"rendered":"Interins, tra\u00efdors a la patria"},"content":{"rendered":"\t\t<div data-elementor-type=\"wp-post\" data-elementor-id=\"1003\" class=\"elementor elementor-1003\" data-elementor-post-type=\"post\">\n\t\t\t\t\t\t<section class=\"elementor-section elementor-top-section elementor-element elementor-element-80c8e7f elementor-section-boxed elementor-section-height-default elementor-section-height-default\" data-id=\"80c8e7f\" data-element_type=\"section\" data-e-type=\"section\">\n\t\t\t\t\t\t<div class=\"elementor-container elementor-column-gap-default\">\n\t\t\t\t\t<div class=\"elementor-column elementor-col-100 elementor-top-column elementor-element elementor-element-12bf98e\" data-id=\"12bf98e\" data-element_type=\"column\" data-e-type=\"column\">\n\t\t\t<div class=\"elementor-widget-wrap elementor-element-populated\">\n\t\t\t\t\t\t<div class=\"elementor-element elementor-element-ab5d7e7 elementor-widget elementor-widget-text-editor\" data-id=\"ab5d7e7\" data-element_type=\"widget\" data-e-type=\"widget\" data-widget_type=\"text-editor.default\">\n\t\t\t\t<div class=\"elementor-widget-container\">\n\t\t\t\t\t\t\t\t\t<p><iframe title=\"YouTube video player\" src=\"https:\/\/www.youtube.com\/embed\/J445HVGsZ_0\" width=\"560\" height=\"315\" frameborder=\"0\" allowfullscreen=\"allowfullscreen\"><\/iframe><br \/>El que vaig a explicar no est\u00e0 protegit per cap secret. I forma part de la nostra acci\u00f3 de lobby a favor dels Interins i les Interines.<\/p><p>El passat 14 d&#8217;octubre de 2021, a les 12 del mat\u00ed, cara a cara i en privat, vam tenir una reuni\u00f3 amb el president de Comit\u00e8 de &#8220;Judicial Affairs&#8221; de Parlament Europeu. El personatge \u00e9s eurodiputat espanyol per EL PARTIT CIUTADANS (C &#8216;s). I precisament per la seva especial f\u00f2bia a tot el que \u00e9s catal\u00e0, no vaig assistir-hi personalment. Va ser Jos\u00e9 Mar\u00eda, el nostre soci resident a Brussel\u00b7les, nascut i establert a Madrid; castell\u00e0 vell de disset generacions, almenys.<\/p><p>La reuni\u00f3 a la seva oficina va ser llarga i molt completa. Es va tenir l&#8217;oportunitat de presentar-li el problema i parlar-li de les v\u00edctimes, posant l&#8217;accent que la majoria de les v\u00edctimes s\u00f3n dones i nens, les fam\u00edlies dels interins i interines.<\/p><p>Des del primer moment, va intentar, veient que no ens conform\u00e0vem amb unes paraules piadoses, tirar pilotes fora:<\/p><p>Primer ens va respondre que l&#8217;Euro-Parlament no podia fer res &#8211; li v\u00e0rem aclarir el que -s\u00ed- que pot fer el Parlament Europeu, que \u00e9s molt.<\/p><p>Despr\u00e9s, que ens dirig\u00edssim a Tribunal de Just\u00edcia &#8211; li record\u00e0rem les limitacions que tenim els ciutadans per accedir al TJUE &#8211; i quan va insistir, li vam explicar que els dos \u00fanics camins s\u00f3n els recursos de nul\u00b7litat i d&#8217;incompliment (ambd\u00f3s molt limitats).<\/p><p>Ja molest, ens va dir ens an\u00e9ssim als Defensors del Poble. Per\u00f2 \u00e9s que els Defensors del Poble no afronten investigacions sobre q\u00fcestions judicials. Ni la de Brussel\u00b7les, ni el de Madrid.<\/p><p>Despr\u00e9s, que el tema dels interins i les v\u00edctimes era un assumpte que calia resoldre internament dins d&#8217;Espanya. Se li va explicar que abans de ser on \u00e9rem, ja ho hem intentat tot. I que de fet en el cas dels interins hi ha 3 sent\u00e8ncies del TJUE que a Espanya estan sent menyspreades i que ara, per guanyar temps i seguir maltractant a les v\u00edctimes, s&#8217;havien tret de la m\u00e0niga una q\u00fcesti\u00f3 prejudicial, cosa que, curiosament, coneixia perfectament.<\/p><p>Despr\u00e9s, que ens an\u00e9ssim a la premsa. Se li va explicar que la premsa espanyola, llevat d&#8217;alguna excepci\u00f3 no s&#8217;atreveix a ficar-se amb els jutges ni amb el poder. Despr\u00e9s de tot aix\u00f2, ens va replicar que la q\u00fcesti\u00f3 era veritablement una &#8220;q\u00fcesti\u00f3 d&#8217;Estat&#8221; i que podria ser grav\u00edssima per a Espanya.<\/p><p>Varem insistir que per a les v\u00edctimes dels disbarats que represent\u00e0vem, \u00e9s una &#8220;q\u00fcesti\u00f3 de fam\u00edlia&#8221;; i que certament, poder donar de menjar als nostres fills \u00e9s molt m\u00e9s important per a nosaltres que aquestes q\u00fcestions d&#8217;Estat. Un Estat que a les v\u00edctimes nom\u00e9s ens ha donat puntades de peu al cul (amb aquests termes).<\/p><p>Que si Espanya ho veia com grav\u00edssim, que ja sabien el que havien de fer: seure a resoldre l&#8217;assumpte.<\/p><p>Finalment, l&#8217;inform\u00e0rem que estem contactant amb altres estats membres, buscant un Estat membre que s&#8217;interess\u00e9s de deb\u00f2 per l&#8217;assumpte. D&#8217;aquesta manera podr\u00edem anar &#8211; llavors s\u00ed \u2013 al TJUE de la m\u00e0 d&#8217;un soci privilegiat, de manera que tindr\u00edem la seguretat que s\u2019obririen investigacions.<\/p><p>Aix\u00f2 s\u00ed que li va posar molt nervi\u00f3s, va remugar que aix\u00f2 era una tra\u00efci\u00f3 a Espanya i la reuni\u00f3 va acabar d&#8217;una manera seca, per\u00f2 sempre dins de l&#8217;euro-cordialitat.<\/p>\t\t\t\t\t\t\t\t<\/div>\n\t\t\t\t<\/div>\n\t\t\t\t\t<\/div>\n\t\t<\/div>\n\t\t\t\t\t<\/div>\n\t\t<\/section>\n\t\t\t\t<\/div>\n\t\t","protected":false},"excerpt":{"rendered":"<p>El que vaig a explicar no est\u00e0 protegit per cap secret. I forma part de la nostra acci\u00f3 de lobby a favor dels Interins i les Interines. El passat 14 d&#8217;octubre de 2021, a les 12 del mat\u00ed, cara a cara i en privat, vam tenir una reuni\u00f3 amb el president de Comit\u00e8 de &#8220;Judicial&hellip;&nbsp;<a href=\"https:\/\/sintonizaeuropa.eu\/ca\/2021\/11\/08\/interinos-traidores-a-la-patria\/\" rel=\"bookmark\">Llegiu m\u00e9s &raquo;<span class=\"screen-reader-text\">Interins, tra\u00efdors a la patria<\/span><\/a><\/p>\n","protected":false},"author":3,"featured_media":0,"comment_status":"closed","ping_status":"open","sticky":false,"template":"","format":"standard","meta":{"neve_meta_sidebar":"","neve_meta_container":"","neve_meta_enable_content_width":"off","neve_meta_content_width":70,"neve_meta_title_alignment":"","neve_meta_author_avatar":"","neve_post_elements_order":"","neve_meta_disable_header":"","neve_meta_disable_footer":"","neve_meta_disable_title":"","_jetpack_memberships_contains_paid_content":false,"footnotes":""},"categories":[1],"tags":[],"class_list":["post-1003","post","type-post","status-publish","format-standard","hentry","category-sin-categoria"],"jetpack_featured_media_url":"","jetpack_sharing_enabled":true,"_links":{"self":[{"href":"https:\/\/sintonizaeuropa.eu\/ca\/wp-json\/wp\/v2\/posts\/1003","targetHints":{"allow":["GET"]}}],"collection":[{"href":"https:\/\/sintonizaeuropa.eu\/ca\/wp-json\/wp\/v2\/posts"}],"about":[{"href":"https:\/\/sintonizaeuropa.eu\/ca\/wp-json\/wp\/v2\/types\/post"}],"author":[{"embeddable":true,"href":"https:\/\/sintonizaeuropa.eu\/ca\/wp-json\/wp\/v2\/users\/3"}],"replies":[{"embeddable":true,"href":"https:\/\/sintonizaeuropa.eu\/ca\/wp-json\/wp\/v2\/comments?post=1003"}],"version-history":[{"count":7,"href":"https:\/\/sintonizaeuropa.eu\/ca\/wp-json\/wp\/v2\/posts\/1003\/revisions"}],"predecessor-version":[{"id":1011,"href":"https:\/\/sintonizaeuropa.eu\/ca\/wp-json\/wp\/v2\/posts\/1003\/revisions\/1011"}],"wp:attachment":[{"href":"https:\/\/sintonizaeuropa.eu\/ca\/wp-json\/wp\/v2\/media?parent=1003"}],"wp:term":[{"taxonomy":"category","embeddable":true,"href":"https:\/\/sintonizaeuropa.eu\/ca\/wp-json\/wp\/v2\/categories?post=1003"},{"taxonomy":"post_tag","embeddable":true,"href":"https:\/\/sintonizaeuropa.eu\/ca\/wp-json\/wp\/v2\/tags?post=1003"}],"curies":[{"name":"wp","href":"https:\/\/api.w.org\/{rel}","templated":true}]}}