{"id":354,"date":"2021-01-05T10:47:58","date_gmt":"2021-01-05T09:47:58","guid":{"rendered":"https:\/\/sintonizaeuropa.eu\/?p=354"},"modified":"2021-03-18T13:26:01","modified_gmt":"2021-03-18T12:26:01","slug":"interinos-legislacion-europea-y-fijeza","status":"publish","type":"post","link":"https:\/\/sintonizaeuropa.eu\/ca\/2021\/01\/05\/interinos-legislacion-europea-y-fijeza\/","title":{"rendered":"Interins, legislaci\u00f3 europea i fixesa"},"content":{"rendered":"\t\t<div data-elementor-type=\"wp-post\" data-elementor-id=\"354\" class=\"elementor elementor-354\" data-elementor-post-type=\"post\">\n\t\t\t\t\t\t<section class=\"elementor-section elementor-top-section elementor-element elementor-element-2507ac31 elementor-section-boxed elementor-section-height-default elementor-section-height-default\" data-id=\"2507ac31\" data-element_type=\"section\" data-e-type=\"section\">\n\t\t\t\t\t\t<div class=\"elementor-container elementor-column-gap-default\">\n\t\t\t\t\t<div class=\"elementor-column elementor-col-100 elementor-top-column elementor-element elementor-element-25eab93a\" data-id=\"25eab93a\" data-element_type=\"column\" data-e-type=\"column\">\n\t\t\t<div class=\"elementor-widget-wrap elementor-element-populated\">\n\t\t\t\t\t\t<div class=\"elementor-element elementor-element-5cd0a2c3 elementor-widget elementor-widget-text-editor\" data-id=\"5cd0a2c3\" data-element_type=\"widget\" data-e-type=\"widget\" data-widget_type=\"text-editor.default\">\n\t\t\t\t<div class=\"elementor-widget-container\">\n\t\t\t\t\t\t\t\t\t<p><iframe src=\"https:\/\/www.youtube.com\/embed\/4jo92-y58Nc\" width=\"560\" height=\"315\" frameborder=\"0\" allowfullscreen=\"allowfullscreen\"><\/iframe><\/p><p><br \/>El tema d&#8217;avui \u00e9s el dels interins i la fixesa.<\/p><p>I \u00e9s que no hi ha dret que fiscals, jutges, advocats i fins a pol\u00edtics coneguin tan poc el dret amb el qual han de treballar el tema dels interins, a m\u00e9s en aix\u00f2 fins i tot els mateixos interins s&#8217;ofusquen com si hi hagu\u00e9s un sol cam\u00ed oblidant que totes les normes, fins i tot les Europees tenen punts forts i punts fluixos i \u00e9s una estrat\u00e8gia fr\u00e0gil fiar-ho tot a una sola carta.<\/p><p>Pregunto, \u00c9s que no hi ha m\u00e9s cartes en aquest joc de p\u00f2quer? S\u00ed, si les cerques les trobes.<\/p><p>La Uni\u00f3 Europea legisla a trav\u00e9s de Reglaments Europeus, de Directives, de decisions, de comunicacions, acords, resolucions i fins a posicions comunes i si no fos suficient, tenim les sent\u00e8ncies del tribunal de just\u00edcia de la Uni\u00f3 Europea.<\/p><p>La Uni\u00f3 Europea publica de l&#8217;ordre de 2000 directives, imagineu l&#8217;amplitud de temes. Realment uns 50 Reglaments i 50 Directives a l&#8217;any, s\u00f3n els veritablement importants.<\/p><p>La primera estrat\u00e8gia de defensa dels interins la va elaborar l&#8217;exmagistrat substitut Fruit\u00f3s Richarte en 2012. La seva estrat\u00e8gia, la de la contractaci\u00f3 en frau de llei, se suportava en la Directiva 1999\/70 CE sobre el treball de durada determinada que \u00e9s una Directiva, s\u00ed, per\u00f2 d&#8217;un acord marc i res m\u00e9s. Aix\u00ed Fruit\u00f3s, obria les portes del terme fixesa per analogia amb la via laboral perqu\u00e8 per al Dret de la Uni\u00f3 no existeix el concepte funcionari. En m\u00e8rit del seu treball, va ser expulsat a les tenebres exteriors i ha acabat sent un referent Europeu en temes de compliance.<\/p><p>Per\u00f2 \u00e9s que hi ha m\u00e9s normes que ens poden ajudar. En primer lloc tenim la directiva 2000\/78 CE, relativa a l&#8217;establiment d&#8217;un marc general per a la igualtat de tracte en el treball i l&#8217;ocupaci\u00f3 estic segur que solament el t\u00edtol els d\u00f3na moltes idees sobre les discriminacions rebudes. Tamb\u00e9 tenim el Reglament 2019\/126 pel qual es crea l&#8217;Ag\u00e8ncia Europea per a la seguretat i la salut en el treball. \u00c9s que la seva situaci\u00f3 no els afecta la seguretat i a la salut?<\/p><p>Tamb\u00e9 tenim el reglament 2019\/1149 pel qual es crea l&#8217;Autoritat Laboral Europea, i \u00e9s que ja hi ha una Autoritat central Europea que t\u00e9 capacitat de fer informes per a les parts de la Comissi\u00f3, \u00e9s el germen de la futura inspecci\u00f3 de treball Europea. Tenim tamb\u00e9 la directiva 2017\/1371 sobre la lluita contra el frau que afecta els interessos financers de la Uni\u00f3 a trav\u00e9s del dret penal; no s\u00e9 quina qualificaci\u00f3 jur\u00eddica donar-li al que els passa, per\u00f2 frau continuat amb protecci\u00f3 de la magistratura podria ser una bona qualificaci\u00f3.<\/p><p>I per a aix\u00f2 tenim el Reglament 2017\/1939 pel qual s&#8217;estableix una cooperaci\u00f3 refor\u00e7ada per a la creaci\u00f3 d&#8217;una fiscalia Europea tenim ja una nova porta a qui trucar per aquests fraus per\u00f2 encara en per\u00edode de transposici\u00f3. Tenim la Directiva 2019\/1024 relativa a les dades obertes i a la reutilitzaci\u00f3 de la informaci\u00f3 en el sector p\u00fablic, aquesta \u00e9s molt important Directiva!, que estableix el dret fonamental repeteixo, fonamental, de tots els ciutadans a la informaci\u00f3 de les administracions p\u00fabliques a totes i sense excepci\u00f3 ni l\u00edmit; i la Directiva 2019\/1937 relativa a la protecci\u00f3 de les persones que informen sobre les infraccions del Dret de la Uni\u00f3 que regula la responsabilitat personal de pol\u00edtics i funcionaris pels incompliments.<\/p><p>Finalment tindr\u00edem la directiva 2019\/1152 relativa a unes condicions laborals transparents i previsibles a la Uni\u00f3 Europea. Penso\u2026 S\u00f3n les seves unes condicions transparents i previsibles?<\/p><p>I la Directiva 2019\/1158 relativa a la conciliaci\u00f3 de la vida familiar i la vida professional dels progenitors i els cuidadors i respecte a aix\u00f2, preguntar-se: i es respecten els seus drets a la conciliaci\u00f3 o tenen prefer\u00e8ncies i privilegis els \u201cpota negra\u201d?<\/p><p>I si hi ha com a m\u00ednim aquestes normes que els he dit&#8230; Per qu\u00e8 s&#8217;obsessionen amb una sola?, amb la primera?<\/p>\t\t\t\t\t\t\t\t<\/div>\n\t\t\t\t<\/div>\n\t\t\t\t\t<\/div>\n\t\t<\/div>\n\t\t\t\t\t<\/div>\n\t\t<\/section>\n\t\t\t\t<\/div>\n\t\t","protected":false},"excerpt":{"rendered":"<p>El tema d&#8217;avui \u00e9s el dels interins i la fixesa. I \u00e9s que no hi ha dret que fiscals, jutges, advocats i fins a pol\u00edtics coneguin tan poc el dret amb el qual han de treballar el tema dels interins, a m\u00e9s en aix\u00f2 fins i tot els mateixos interins s&#8217;ofusquen com si hi hagu\u00e9s&hellip;&nbsp;<a href=\"https:\/\/sintonizaeuropa.eu\/ca\/2021\/01\/05\/interinos-legislacion-europea-y-fijeza\/\" rel=\"bookmark\">Llegiu m\u00e9s &raquo;<span class=\"screen-reader-text\">Interins, legislaci\u00f3 europea i fixesa<\/span><\/a><\/p>\n","protected":false},"author":3,"featured_media":0,"comment_status":"closed","ping_status":"open","sticky":false,"template":"","format":"standard","meta":{"neve_meta_sidebar":"right","neve_meta_container":"","neve_meta_enable_content_width":"off","neve_meta_content_width":0,"neve_meta_title_alignment":"","neve_meta_author_avatar":"","neve_post_elements_order":"","neve_meta_disable_header":"","neve_meta_disable_footer":"","neve_meta_disable_title":"","_jetpack_memberships_contains_paid_content":false,"footnotes":""},"categories":[5],"tags":[],"class_list":["post-354","post","type-post","status-publish","format-standard","hentry","category-canal"],"jetpack_featured_media_url":"","jetpack_sharing_enabled":true,"_links":{"self":[{"href":"https:\/\/sintonizaeuropa.eu\/ca\/wp-json\/wp\/v2\/posts\/354","targetHints":{"allow":["GET"]}}],"collection":[{"href":"https:\/\/sintonizaeuropa.eu\/ca\/wp-json\/wp\/v2\/posts"}],"about":[{"href":"https:\/\/sintonizaeuropa.eu\/ca\/wp-json\/wp\/v2\/types\/post"}],"author":[{"embeddable":true,"href":"https:\/\/sintonizaeuropa.eu\/ca\/wp-json\/wp\/v2\/users\/3"}],"replies":[{"embeddable":true,"href":"https:\/\/sintonizaeuropa.eu\/ca\/wp-json\/wp\/v2\/comments?post=354"}],"version-history":[{"count":26,"href":"https:\/\/sintonizaeuropa.eu\/ca\/wp-json\/wp\/v2\/posts\/354\/revisions"}],"predecessor-version":[{"id":633,"href":"https:\/\/sintonizaeuropa.eu\/ca\/wp-json\/wp\/v2\/posts\/354\/revisions\/633"}],"wp:attachment":[{"href":"https:\/\/sintonizaeuropa.eu\/ca\/wp-json\/wp\/v2\/media?parent=354"}],"wp:term":[{"taxonomy":"category","embeddable":true,"href":"https:\/\/sintonizaeuropa.eu\/ca\/wp-json\/wp\/v2\/categories?post=354"},{"taxonomy":"post_tag","embeddable":true,"href":"https:\/\/sintonizaeuropa.eu\/ca\/wp-json\/wp\/v2\/tags?post=354"}],"curies":[{"name":"wp","href":"https:\/\/api.w.org\/{rel}","templated":true}]}}