{"id":364,"date":"2021-01-12T11:40:40","date_gmt":"2021-01-12T10:40:40","guid":{"rendered":"https:\/\/sintonizaeuropa.eu\/?p=364"},"modified":"2021-03-18T14:06:53","modified_gmt":"2021-03-18T13:06:53","slug":"como-nos-ven","status":"publish","type":"post","link":"https:\/\/sintonizaeuropa.eu\/ca\/2021\/01\/12\/como-nos-ven\/","title":{"rendered":"I a Europa, com ens veuen als espanyols?"},"content":{"rendered":"\t\t<div data-elementor-type=\"wp-post\" data-elementor-id=\"364\" class=\"elementor elementor-364\" data-elementor-post-type=\"post\">\n\t\t\t\t\t\t<section class=\"elementor-section elementor-top-section elementor-element elementor-element-6919b7d5 elementor-section-boxed elementor-section-height-default elementor-section-height-default\" data-id=\"6919b7d5\" data-element_type=\"section\" data-e-type=\"section\">\n\t\t\t\t\t\t<div class=\"elementor-container elementor-column-gap-default\">\n\t\t\t\t\t<div class=\"elementor-column elementor-col-100 elementor-top-column elementor-element elementor-element-6a777c7d\" data-id=\"6a777c7d\" data-element_type=\"column\" data-e-type=\"column\">\n\t\t\t<div class=\"elementor-widget-wrap elementor-element-populated\">\n\t\t\t\t\t\t<div class=\"elementor-element elementor-element-7403bb41 elementor-widget elementor-widget-text-editor\" data-id=\"7403bb41\" data-element_type=\"widget\" data-e-type=\"widget\" data-widget_type=\"text-editor.default\">\n\t\t\t\t<div class=\"elementor-widget-container\">\n\t\t\t\t\t\t\t\t\t<iframe src=\"https:\/\/www.youtube.com\/embed\/8VRWIkk403Y\" width=\"560\" height=\"315\" frameborder=\"0\" allowfullscreen=\"allowfullscreen\"><\/iframe>\n\n\n<p>Avui parlarem d&#8217;un tema que es parla molt poc que \u00e9s Com ens veuen els europeus a nosaltres?<\/p>\n<p>La percepci\u00f3 que nosaltres tenim d&#8217;Europa \u00e9s dual, \u00e9s doble. D&#8217;una banda, \u00e9s una esp\u00e8cie de pare lluny\u00e0 justicier. El fam\u00f3s &#8220;anirem al tribunal d&#8217;Estrasburg&#8221;. I d&#8217;altra banda les administracions, sobretot l&#8217;administraci\u00f3 espanyola, ens ha anat venent insistentment que Europa \u00e9s un &#8220;club d&#8217;Estats&#8221;.\nDoncs b\u00e9, Europa, encara que no ho vulguin \u00e9s l&#8217;Europa dels ciutadans, i aix\u00f2 t\u00e9 molt a veure.<\/p>\n<p>Per\u00f2 la pregunta que avui ens fem \u00e9s per qu\u00e8 no ens preguntem mai, com ens veuen ells? Quan salis amb una noia li acabes preguntant&#8230; i &#8220;Doncs com em veus?&#8221;, doncs b\u00e9 com ens veuen ells?, i sobretot aix\u00f2 ens explicar\u00e0 per qu\u00e8 les grans topades del Tribunal Suprem amb Europa, i les grans topades de la dreta, d&#8217;una certa dreta tamb\u00e9 amb Europa, perqu\u00e8 la percepci\u00f3 dels europeus cap a nosaltres no ha estat gens bona des de sempre.<\/p>\n<p>Primer, Europa, ja ho hem dit, no \u00e9s un club d&#8217;Estats. Si nosaltres vei\u00e9ssim les imatges que hi ha d&#8217;Espanya en els llibres de text i sobretot, de l&#8217;Espanya dels temps en qu\u00e8 ten\u00edem els ter\u00e7os de Flandes pujant i baixant per Europa, com \u00e9s el d&#8217;aquesta ciutat de Naerden.<\/p>\n<img fetchpriority=\"high\" decoding=\"async\" class=\"size-medium wp-image-407 alignright\" src=\"https:\/\/sintonizaeuropa.eu\/wp-content\/uploads\/sites\/6\/2021\/01\/naerden-300x227.png\" alt=\"naerden\" width=\"300\" height=\"227\" srcset=\"https:\/\/sintonizaeuropa.eu\/wp-content\/uploads\/sites\/6\/2021\/01\/naerden-300x227.png 300w, https:\/\/sintonizaeuropa.eu\/wp-content\/uploads\/sites\/6\/2021\/01\/naerden.png 371w\" sizes=\"(max-width: 300px) 100vw, 300px\" \/>\n<p>Veiem que ho fa \u00e9s: protegits per la creu de Sant Andr\u00e9s, entren a la ciutat a sac i foc matant a la gent en la pla\u00e7a, per\u00f2 no caldria allunyar-se de qualsevol museu de pintors holandesos, per a veure, com \u00e9s el cas d'&#8221;Anvers &#8220;per a veure com els espanyols violen, maten i saquegen a homes, dones i nens, i aix\u00f2 est\u00e0 en els llibres de text dels xavals, en els llibres de textos de la Hist\u00f2ria aquests pa\u00efsos.\n<p>Acabem ara aqu\u00ed amb una pintura de Gant que tamb\u00e9 va ser passada a fulla, sang i foc.<\/p>\n<img decoding=\"async\" class=\"size-medium wp-image-408 alignleft\" src=\"https:\/\/sintonizaeuropa.eu\/wp-content\/uploads\/sites\/6\/2021\/01\/Gante-300x173.png\" alt=\"\" width=\"300\" height=\"173\" srcset=\"https:\/\/sintonizaeuropa.eu\/wp-content\/uploads\/sites\/6\/2021\/01\/Gante-300x173.png 300w, https:\/\/sintonizaeuropa.eu\/wp-content\/uploads\/sites\/6\/2021\/01\/Gante.png 490w\" sizes=\"(max-width: 300px) 100vw, 300px\" \/>\n<p>I els que quedaven, despr\u00e9s de ser pertinentment confessats eren penjats dels pocs arbres que quedaven en la zona del nord d&#8217;Europa. Clar aix\u00f2 ha emmarcat profundament la visi\u00f3 que els europeus tenen de nosaltres, els europeus no entenen que h\u00e0gim sortit amb aquesta transici\u00f3 pactada pel franquisme-feixisme que es perpetua en figures caciquils i adhesions indestructibles, com \u00e9s clar exemple del nostre &#8220;em\u00e8rit&#8221; o el soroll de sabres, o es pensen vost\u00e8s que els soldats europeus volen venir a Espanya?, amb aquest poder judicial tamb\u00e9 gens respectu\u00f3s amb la democr\u00e0cia, que ha oblidat a m\u00e9s que s\u00f3n els espanyols els ciutadans que els paguen la soldada i no, els poders f\u00e0ctics com els Bancs.<\/p>\n<p>Aqu\u00ed manen els de sempre.<\/p>\n<p>I parlant dels de sempre, no falta en els llibres de text, d&#8217;Holanda i de B\u00e8lgica el nostre benvolgut duc d&#8217;Alba que va ser la m\u00e0 executora de centenars de milers de ciutadans del lloc i lloc on ara els demanarem diners.<\/p>\n<p>A partir del tractat de Lisboa, a m\u00e9s de regar-nos amb diners durant decennis. Europa ens ha donat l&#8217;oportunitat de demostrar que ja hem sortit del t\u00fanel, que ja no som aquests els que omplim dels SEUS penjats els arbres d&#8217;Holanda, B\u00e8lgica, Luxemburg, part d&#8217;Alemanya i Fran\u00e7a. L&#8217;\u00faltima oportunitat han estat dues Directives la 2019\/1937 i la 2019\/1924 una de protecci\u00f3 als denunciants de corrupci\u00f3 i l&#8217;altra creant el dret a l&#8217;acc\u00e9s a la documentaci\u00f3 p\u00fablica per a tots els ciutadans de la uni\u00f3 europea, \u00e9s a dir, com que Espanya en la seva llei de transpar\u00e8ncia no ho va fer, la UE ha hagut de fer-ho. Moltes empreses a Europa, molts sindicats i moltes administracions p\u00fabliques han trobat que la transpar\u00e8ncia que els ciutadans poden accedir a la seva informaci\u00f3 \u00e9s benefici\u00f3s per a tots.<\/p>\n<p>Acabem amb una frase que tancaria la famosa llegenda negra que potser una miqueta o un molt bastant \u00e9s cert. La frase \u00e9s del genial Pablo Casado que en el 2018 va dir &#8220;el PP \u00e9s el partit que va fundar Europa&#8221; D\u00e9u meu! Quantes di\u00f2ptries necessita!\t\t\t\t\t\t\t\t<\/div>\n\t\t\t\t<\/div>\n\t\t\t\t\t<\/div>\n\t\t<\/div>\n\t\t\t\t\t<\/div>\n\t\t<\/section>\n\t\t\t\t<\/div>\n\t\t","protected":false},"excerpt":{"rendered":"<p>Avui parlarem d&#8217;un tema que es parla molt poc que \u00e9s Com ens veuen els europeus a nosaltres? La percepci\u00f3 que nosaltres tenim d&#8217;Europa \u00e9s dual, \u00e9s doble. D&#8217;una banda, \u00e9s una esp\u00e8cie de pare lluny\u00e0 justicier. El fam\u00f3s &#8220;anirem al tribunal d&#8217;Estrasburg&#8221;. I d&#8217;altra banda les administracions, sobretot l&#8217;administraci\u00f3 espanyola, ens ha anat venent&hellip;&nbsp;<a href=\"https:\/\/sintonizaeuropa.eu\/ca\/2021\/01\/12\/como-nos-ven\/\" rel=\"bookmark\">Llegiu m\u00e9s &raquo;<span class=\"screen-reader-text\">I a Europa, com ens veuen als espanyols?<\/span><\/a><\/p>\n","protected":false},"author":3,"featured_media":0,"comment_status":"closed","ping_status":"open","sticky":false,"template":"","format":"standard","meta":{"neve_meta_sidebar":"right","neve_meta_container":"","neve_meta_enable_content_width":"off","neve_meta_content_width":0,"neve_meta_title_alignment":"","neve_meta_author_avatar":"","neve_post_elements_order":"","neve_meta_disable_header":"","neve_meta_disable_footer":"","neve_meta_disable_title":"","_jetpack_memberships_contains_paid_content":false,"footnotes":""},"categories":[5],"tags":[],"class_list":["post-364","post","type-post","status-publish","format-standard","hentry","category-canal"],"jetpack_featured_media_url":"","jetpack_sharing_enabled":true,"_links":{"self":[{"href":"https:\/\/sintonizaeuropa.eu\/ca\/wp-json\/wp\/v2\/posts\/364","targetHints":{"allow":["GET"]}}],"collection":[{"href":"https:\/\/sintonizaeuropa.eu\/ca\/wp-json\/wp\/v2\/posts"}],"about":[{"href":"https:\/\/sintonizaeuropa.eu\/ca\/wp-json\/wp\/v2\/types\/post"}],"author":[{"embeddable":true,"href":"https:\/\/sintonizaeuropa.eu\/ca\/wp-json\/wp\/v2\/users\/3"}],"replies":[{"embeddable":true,"href":"https:\/\/sintonizaeuropa.eu\/ca\/wp-json\/wp\/v2\/comments?post=364"}],"version-history":[{"count":18,"href":"https:\/\/sintonizaeuropa.eu\/ca\/wp-json\/wp\/v2\/posts\/364\/revisions"}],"predecessor-version":[{"id":645,"href":"https:\/\/sintonizaeuropa.eu\/ca\/wp-json\/wp\/v2\/posts\/364\/revisions\/645"}],"wp:attachment":[{"href":"https:\/\/sintonizaeuropa.eu\/ca\/wp-json\/wp\/v2\/media?parent=364"}],"wp:term":[{"taxonomy":"category","embeddable":true,"href":"https:\/\/sintonizaeuropa.eu\/ca\/wp-json\/wp\/v2\/categories?post=364"},{"taxonomy":"post_tag","embeddable":true,"href":"https:\/\/sintonizaeuropa.eu\/ca\/wp-json\/wp\/v2\/tags?post=364"}],"curies":[{"name":"wp","href":"https:\/\/api.w.org\/{rel}","templated":true}]}}