{"id":399,"date":"2021-01-17T10:28:37","date_gmt":"2021-01-17T09:28:37","guid":{"rendered":"https:\/\/sintonizaeuropa.eu\/?p=399"},"modified":"2021-03-19T11:44:12","modified_gmt":"2021-03-19T10:44:12","slug":"sentencia-historica","status":"publish","type":"post","link":"https:\/\/sintonizaeuropa.eu\/ca\/2021\/01\/17\/sentencia-historica\/","title":{"rendered":"Sent\u00e8ncia hist\u00f2rica"},"content":{"rendered":"\t\t<div data-elementor-type=\"wp-post\" data-elementor-id=\"399\" class=\"elementor elementor-399\" data-elementor-post-type=\"post\">\n\t\t\t\t\t\t<section class=\"elementor-section elementor-top-section elementor-element elementor-element-4c4956c2 elementor-section-boxed elementor-section-height-default elementor-section-height-default\" data-id=\"4c4956c2\" data-element_type=\"section\" data-e-type=\"section\">\n\t\t\t\t\t\t<div class=\"elementor-container elementor-column-gap-default\">\n\t\t\t\t\t<div class=\"elementor-column elementor-col-100 elementor-top-column elementor-element elementor-element-33330902\" data-id=\"33330902\" data-element_type=\"column\" data-e-type=\"column\">\n\t\t\t<div class=\"elementor-widget-wrap elementor-element-populated\">\n\t\t\t\t\t\t<div class=\"elementor-element elementor-element-4942461c elementor-widget elementor-widget-text-editor\" data-id=\"4942461c\" data-element_type=\"widget\" data-e-type=\"widget\" data-widget_type=\"text-editor.default\">\n\t\t\t\t<div class=\"elementor-widget-container\">\n\t\t\t\t\t\t\t\t\t<p><\/p><p>Encara que sembli dif\u00edcil es van aconseguint petites vict\u00f2ries.<br \/><br \/>S&#8217;ha aconseguit una sent\u00e8ncia hist\u00f2rica a Espanya gr\u00e0cies a una Directiva Europea de drets, concretament la <a href=\"https:\/\/eur-lex.europa.eu\/legal-content\/ES\/TXT\/?qid=1594199485359&amp;uri=CELEX:32019L1937\">Directiva Whistleblowers<\/a> sobre la protecci\u00f3 de denunciants d&#8217;infraccions de la UE.<br \/><br \/>Fent \u00fas d&#8217;aquesta carta especial, s&#8217;ha aconseguit la condemna de l&#8217;Ajuntament de Torrevella per l&#8217;assetjament a un agent de la policia local d&#8217;aquest ajuntament.<br \/><br \/>Una de les singularitats d&#8217;aquesta Directiva Europea \u00e9s l&#8217;\u00e8mfasi que posa en la protecci\u00f3 del denunciant i el sever c\u00e0stig per repres\u00e0lies a aquests.<br \/><br \/>Podeu llegir l&#8217;article escrit per Josep Herreras en el diari <i>Les Republiques <\/i>fent clic en <a href=\"https:\/\/www.lasrepublicas.com\/2021\/01\/16\/sentencia-historica-por-primera-vez-hay-una-condena-en-espana-bajo-una-directiva-europea\/\">l&#8217;enlla\u00e7.<\/a><\/p>\t\t\t\t\t\t\t\t<\/div>\n\t\t\t\t<\/div>\n\t\t\t\t\t<\/div>\n\t\t<\/div>\n\t\t\t\t\t<\/div>\n\t\t<\/section>\n\t\t\t\t<\/div>\n\t\t","protected":false},"excerpt":{"rendered":"<p>Encara que sembli dif\u00edcil es van aconseguint petites vict\u00f2ries. S&#8217;ha aconseguit una sent\u00e8ncia hist\u00f2rica a Espanya gr\u00e0cies a una Directiva Europea de drets, concretament la Directiva Whistleblowers sobre la protecci\u00f3 de denunciants d&#8217;infraccions de la UE. Fent \u00fas d&#8217;aquesta carta especial, s&#8217;ha aconseguit la condemna de l&#8217;Ajuntament de Torrevella per l&#8217;assetjament a un agent de&hellip;&nbsp;<a href=\"https:\/\/sintonizaeuropa.eu\/ca\/2021\/01\/17\/sentencia-historica\/\" rel=\"bookmark\">Llegiu m\u00e9s &raquo;<span class=\"screen-reader-text\">Sent\u00e8ncia hist\u00f2rica<\/span><\/a><\/p>\n","protected":false},"author":3,"featured_media":401,"comment_status":"closed","ping_status":"open","sticky":false,"template":"","format":"standard","meta":{"neve_meta_sidebar":"","neve_meta_container":"","neve_meta_enable_content_width":"off","neve_meta_content_width":0,"neve_meta_title_alignment":"","neve_meta_author_avatar":"","neve_post_elements_order":"","neve_meta_disable_header":"","neve_meta_disable_footer":"","neve_meta_disable_title":"","_jetpack_memberships_contains_paid_content":false,"footnotes":""},"categories":[6],"tags":[],"class_list":["post-399","post","type-post","status-publish","format-standard","has-post-thumbnail","hentry","category-prensa"],"jetpack_featured_media_url":"https:\/\/sintonizaeuropa.eu\/wp-content\/uploads\/sites\/6\/2021\/01\/court_hammmer.png","jetpack_sharing_enabled":true,"_links":{"self":[{"href":"https:\/\/sintonizaeuropa.eu\/ca\/wp-json\/wp\/v2\/posts\/399","targetHints":{"allow":["GET"]}}],"collection":[{"href":"https:\/\/sintonizaeuropa.eu\/ca\/wp-json\/wp\/v2\/posts"}],"about":[{"href":"https:\/\/sintonizaeuropa.eu\/ca\/wp-json\/wp\/v2\/types\/post"}],"author":[{"embeddable":true,"href":"https:\/\/sintonizaeuropa.eu\/ca\/wp-json\/wp\/v2\/users\/3"}],"replies":[{"embeddable":true,"href":"https:\/\/sintonizaeuropa.eu\/ca\/wp-json\/wp\/v2\/comments?post=399"}],"version-history":[{"count":5,"href":"https:\/\/sintonizaeuropa.eu\/ca\/wp-json\/wp\/v2\/posts\/399\/revisions"}],"predecessor-version":[{"id":650,"href":"https:\/\/sintonizaeuropa.eu\/ca\/wp-json\/wp\/v2\/posts\/399\/revisions\/650"}],"wp:featuredmedia":[{"embeddable":true,"href":"https:\/\/sintonizaeuropa.eu\/ca\/wp-json\/wp\/v2\/media\/401"}],"wp:attachment":[{"href":"https:\/\/sintonizaeuropa.eu\/ca\/wp-json\/wp\/v2\/media?parent=399"}],"wp:term":[{"taxonomy":"category","embeddable":true,"href":"https:\/\/sintonizaeuropa.eu\/ca\/wp-json\/wp\/v2\/categories?post=399"},{"taxonomy":"post_tag","embeddable":true,"href":"https:\/\/sintonizaeuropa.eu\/ca\/wp-json\/wp\/v2\/tags?post=399"}],"curies":[{"name":"wp","href":"https:\/\/api.w.org\/{rel}","templated":true}]}}