{"id":576,"date":"2021-03-17T09:47:03","date_gmt":"2021-03-17T08:47:03","guid":{"rendered":"https:\/\/sintonizaeuropa.eu\/?p=576"},"modified":"2021-04-13T11:08:43","modified_gmt":"2021-04-13T09:08:43","slug":"la-escandalosa-sentencia-del-25f","status":"publish","type":"post","link":"https:\/\/sintonizaeuropa.eu\/ca\/2021\/03\/17\/la-escandalosa-sentencia-del-25f\/","title":{"rendered":"L&#8217;escandalosa sent\u00e8ncia del 25F"},"content":{"rendered":"\t\t<div data-elementor-type=\"wp-post\" data-elementor-id=\"576\" class=\"elementor elementor-576\" data-elementor-post-type=\"post\">\n\t\t\t\t\t\t<section class=\"elementor-section elementor-top-section elementor-element elementor-element-f72564d elementor-section-boxed elementor-section-height-default elementor-section-height-default\" data-id=\"f72564d\" data-element_type=\"section\" data-e-type=\"section\">\n\t\t\t\t\t\t<div class=\"elementor-container elementor-column-gap-default\">\n\t\t\t\t\t<div class=\"elementor-column elementor-col-100 elementor-top-column elementor-element elementor-element-7984e25\" data-id=\"7984e25\" data-element_type=\"column\" data-e-type=\"column\">\n\t\t\t<div class=\"elementor-widget-wrap elementor-element-populated\">\n\t\t\t\t\t\t<div class=\"elementor-element elementor-element-f419408 elementor-widget elementor-widget-text-editor\" data-id=\"f419408\" data-element_type=\"widget\" data-e-type=\"widget\" data-widget_type=\"text-editor.default\">\n\t\t\t\t<div class=\"elementor-widget-container\">\n\t\t\t\t\t\t\t\t\t<p><iframe src=\"https:\/\/www.youtube.com\/embed\/ThvNvm279p0\" width=\"560\" height=\"315\" frameborder=\"0\" allowfullscreen=\"allowfullscreen\"><\/iframe><\/p><p>El dia 25 de febrer del 2021 va saltar l&#8217;esc\u00e0ndol, el Tribunal de Just\u00edcia de la Uni\u00f3 Europea condemna a Espanya a pagar una multa de 15 milions d&#8217;euros i 89 mil euros per cada dia que no es transposi.<\/p><p>La Directiva 2016\/680 del 26 d&#8217;abril del 2016,que\u00a0 \u00e9s la causa d&#8217;aquesta sent\u00e8ncia,\u00e9s la relativa a la protecci\u00f3 de les persones f\u00edsiques pel que fa al tractament de dades personals per part de les autoritats competents per a fins de prevenci\u00f3, recerca, detecci\u00f3 o enjudiciament d&#8217;infraccions penals i d&#8217;execuci\u00f3 de sancions penals i a la lliure circulaci\u00f3 de les dades, que havia d&#8217;haver estat transposada abans del 6 de maig del 2019.<\/p><p>Aquesta directiva \u00e9s en s\u00edntesi la que regula com han de tractar-se les dades personals judicials i policials en l&#8217;administraci\u00f3 espanyola, perqu\u00e8 la compet\u00e8ncia, dic sobirania, sobre ells ja \u00e9s europea.<\/p><p>La sanci\u00f3 de la sent\u00e8ncia de l&#8217;assumpte C-658\/19 \u00e9s extraordin\u00e0riament greu i inusual per part de l&#8217;alt tribunal. Qu\u00e8 passa?, ens tenen mania?, que va!<\/p><p>L&#8217;Estat espanyol \u00e9s multireincident a passar-se pel folre el tema dels incompliments, no ha sortit en cap mitj\u00e0 de la capital, per\u00f2 \u00e9s que al tribunal se li han inflat les parts toves amb Espanya, perqu\u00e8 no \u00e9s la primera vegada, ni la primera sent\u00e8ncia d&#8217;incompliment, ho entenen, no?<\/p><p>En la mateixa sent\u00e8ncia el Tribunal cita les anteriors i m\u00e9s recents sent\u00e8ncies:<br \/>&#8211; Sent\u00e8ncia del 13 de juliol del 2017 comissi\u00f3 vs. Espanya\u00a0 C-388\/16<br \/>&#8211; Sent\u00e8ncia del 4 d&#8217;octubre del 2018 comissi\u00f3 vs. Espanya C-599\/17<br \/>&#8211; Sent\u00e8ncia del 5 de desembre del 2019 comissi\u00f3 vs. Espanya C-642\/18<\/p><p>L&#8217;\u00fanica cosa que va fer Espanya com a reacci\u00f3 va ser demanar al tribunal per motius formals que no es publicaran les sent\u00e8ncies, per un tema d&#8217;imatge, de mala imatge dic jo.<\/p><p>El PSOE i el Partit Popular s&#8217;estan acusant m\u00fatuament del desastre, per\u00f2 en aquest cas no tenen formalment la culpa. Aquesta norma venia a portar transpar\u00e8ncia als fitxers m\u00e9s sagrats de l&#8217;Estat els policials i judicials i al Xnet, per exemple.<\/p><p>La llum no li interessava a una policia, uns funcionaris i uns magistrats que estan acostumats a moure&#8217;s sense noses ni control.<\/p><p>La llum no interessa als qui manegen fons reservats, ni als qui consideren que tots s\u00f3n terroristes menys els que pensen com ells encara que sigui a costa d&#8217;afusellar 16 milions de persones.<\/p><p>Saben que tenim una Ag\u00e8ncia Espanyola de Protecci\u00f3 de Dades que ve obligada a complir i a fer complir tamb\u00e9 amb el dret europeu? Saben quantes vegades va requerir a l&#8217;Estat la seva directora, <i>Mar Espa\u00f1a,<\/i> que s&#8217;estava conculcant la llei? ZERO; estava molt atabalada en sancionar i embargar a pobres desgraciats, que per cert tampoc a Espanya tenim la sobirania o compet\u00e8ncia de qui \u00e9s terrorista i qui no, en virtut de la directiva 2017\/541 del 15 de mar\u00e7 del 2017, relativa a la lluita contra el terrorisme.<\/p><p>Ja no \u00e9s terrorista aquell que li vingui de gust a l&#8217;Estat espanyol o a la seva empresa, \u00e9s terrorista el que compleix amb les condicions per a aix\u00f2 de la directiva.<\/p><p>I la resposta d&#8217;aquest &#8220;<i>core<\/i>&#8221; cabrejat ha estat enviar el 4 de mar\u00e7\u00a0 al congr\u00e9s dels diputats un text de llei org\u00e0nica de transposici\u00f3 i com a fanfarrons, transposant-lo en el sentit contrari de la directiva i reafirmant-se en l&#8217;obscurantisme.<\/p><p>Sense entrar en el fons perqu\u00e8 \u00e9s tema d&#8217;un altre moment, \u00e9s que ha passat tant de temps l&#8217;administraci\u00f3 espanyola embolicant la troca que aquesta directiva que volen transposar ara de males maneres, ha estat ja modificada a Europa, \u00e9s a dir, s&#8217;han equivocat de text; es va modificar aquesta directiva expressament en dues directives m\u00e9s, que ja hem parlat en altres v\u00eddeos, la primera \u00e9s <strong>la 2019\/1024 sobre el dret d&#8217;acc\u00e9s<\/strong> que exigeix m\u00e9s llum i transpar\u00e8ncia a l&#8217;administraci\u00f3, i la segona <strong>la 2019\/1937 de protecci\u00f3 als denunciants dels interessos de la Uni\u00f3<\/strong> que obre la porta a la responsabilitat d&#8217;aquests grans capitans, d&#8217;aquests Fern\u00e1ndez de C\u00f2rdova de per riure.<\/p><p>En fi, vergonya\u00a0 a Europa.<\/p>\t\t\t\t\t\t\t\t<\/div>\n\t\t\t\t<\/div>\n\t\t\t\t\t<\/div>\n\t\t<\/div>\n\t\t\t\t\t<\/div>\n\t\t<\/section>\n\t\t\t\t<\/div>\n\t\t","protected":false},"excerpt":{"rendered":"<p>El dia 25 de febrer del 2021 va saltar l&#8217;esc\u00e0ndol, el Tribunal de Just\u00edcia de la Uni\u00f3 Europea condemna a Espanya a pagar una multa de 15 milions d&#8217;euros i 89 mil euros per cada dia que no es transposi. La Directiva 2016\/680 del 26 d&#8217;abril del 2016,que\u00a0 \u00e9s la causa d&#8217;aquesta sent\u00e8ncia,\u00e9s la relativa&hellip;&nbsp;<a href=\"https:\/\/sintonizaeuropa.eu\/ca\/2021\/03\/17\/la-escandalosa-sentencia-del-25f\/\" rel=\"bookmark\">Llegiu m\u00e9s &raquo;<span class=\"screen-reader-text\">L&#8217;escandalosa sent\u00e8ncia del 25F<\/span><\/a><\/p>\n","protected":false},"author":3,"featured_media":0,"comment_status":"closed","ping_status":"open","sticky":false,"template":"","format":"standard","meta":{"neve_meta_sidebar":"","neve_meta_container":"","neve_meta_enable_content_width":"off","neve_meta_content_width":0,"neve_meta_title_alignment":"","neve_meta_author_avatar":"","neve_post_elements_order":"","neve_meta_disable_header":"","neve_meta_disable_footer":"","neve_meta_disable_title":"","_jetpack_memberships_contains_paid_content":false,"footnotes":""},"categories":[5],"tags":[],"class_list":["post-576","post","type-post","status-publish","format-standard","hentry","category-canal"],"jetpack_featured_media_url":"","jetpack_sharing_enabled":true,"_links":{"self":[{"href":"https:\/\/sintonizaeuropa.eu\/ca\/wp-json\/wp\/v2\/posts\/576","targetHints":{"allow":["GET"]}}],"collection":[{"href":"https:\/\/sintonizaeuropa.eu\/ca\/wp-json\/wp\/v2\/posts"}],"about":[{"href":"https:\/\/sintonizaeuropa.eu\/ca\/wp-json\/wp\/v2\/types\/post"}],"author":[{"embeddable":true,"href":"https:\/\/sintonizaeuropa.eu\/ca\/wp-json\/wp\/v2\/users\/3"}],"replies":[{"embeddable":true,"href":"https:\/\/sintonizaeuropa.eu\/ca\/wp-json\/wp\/v2\/comments?post=576"}],"version-history":[{"count":15,"href":"https:\/\/sintonizaeuropa.eu\/ca\/wp-json\/wp\/v2\/posts\/576\/revisions"}],"predecessor-version":[{"id":789,"href":"https:\/\/sintonizaeuropa.eu\/ca\/wp-json\/wp\/v2\/posts\/576\/revisions\/789"}],"wp:attachment":[{"href":"https:\/\/sintonizaeuropa.eu\/ca\/wp-json\/wp\/v2\/media?parent=576"}],"wp:term":[{"taxonomy":"category","embeddable":true,"href":"https:\/\/sintonizaeuropa.eu\/ca\/wp-json\/wp\/v2\/categories?post=576"},{"taxonomy":"post_tag","embeddable":true,"href":"https:\/\/sintonizaeuropa.eu\/ca\/wp-json\/wp\/v2\/tags?post=576"}],"curies":[{"name":"wp","href":"https:\/\/api.w.org\/{rel}","templated":true}]}}