{"id":684,"date":"2021-03-23T13:21:41","date_gmt":"2021-03-23T12:21:41","guid":{"rendered":"https:\/\/sintonizaeuropa.eu\/?p=684"},"modified":"2021-04-13T11:07:09","modified_gmt":"2021-04-13T09:07:09","slug":"el-restyling-del-dpd","status":"publish","type":"post","link":"https:\/\/sintonizaeuropa.eu\/ca\/2021\/03\/23\/el-restyling-del-dpd\/","title":{"rendered":"El restyling del DPD"},"content":{"rendered":"\t\t<div data-elementor-type=\"wp-post\" data-elementor-id=\"684\" class=\"elementor elementor-684\" data-elementor-post-type=\"post\">\n\t\t\t\t\t\t<section class=\"elementor-section elementor-top-section elementor-element elementor-element-7f5a455 elementor-section-boxed elementor-section-height-default elementor-section-height-default\" data-id=\"7f5a455\" data-element_type=\"section\" data-e-type=\"section\">\n\t\t\t\t\t\t<div class=\"elementor-container elementor-column-gap-default\">\n\t\t\t\t\t<div class=\"elementor-column elementor-col-100 elementor-top-column elementor-element elementor-element-201c2b5\" data-id=\"201c2b5\" data-element_type=\"column\" data-e-type=\"column\">\n\t\t\t<div class=\"elementor-widget-wrap elementor-element-populated\">\n\t\t\t\t\t\t<div class=\"elementor-element elementor-element-b4ce4e5 elementor-widget elementor-widget-text-editor\" data-id=\"b4ce4e5\" data-element_type=\"widget\" data-e-type=\"widget\" data-widget_type=\"text-editor.default\">\n\t\t\t\t<div class=\"elementor-widget-container\">\n\t\t\t\t\t\t\t\t\t<p><iframe title=\"YouTube video player\" src=\"https:\/\/www.youtube.com\/embed\/X13bYFo_K2c\" width=\"560\" height=\"315\" frameborder=\"0\" allowfullscreen=\"allowfullscreen\"><\/iframe><\/p><p><\/p><p>Si a vost\u00e8 li venen la protecci\u00f3 de dades esmentant solament el RGPD i LOPDGDD, que s\u00e0piga que l&#8217;estan enganyant.<\/p><p>I si vost\u00e8 exerceix de delegat de protecci\u00f3 de dades i a m\u00e9s el seu t\u00edtol li ha costat una pasta, que s\u00e0piga que aix\u00f2 s&#8217;ha acabat tal i com era. Ser\u00e0 d&#8217;una altra manera.<\/p><p>La Uni\u00f3 Europea vol ara que tots els problemes en protecci\u00f3 de dades es gestionin a trav\u00e9s dels canals de den\u00fancia de la directiva 2019\/1937 de protecci\u00f3 als alertadors de la Uni\u00f3, certament, en el seu article 2, apartat I, sub apartat,\u00a0 X, diu textualment<em> &#8220;que es regulen per aquesta activitat la de la directiva la protecci\u00f3 de la privacitat i de les dades personals i la seguretat de les xarxes i els sistemes d&#8217;informaci\u00f3&#8221;<\/em> per\u00f2 no pel RGPD sin\u00f3 per la 2019\/1937.<\/p><p>Nom\u00e9s en el que no est\u00e0 previst en aquesta directiva o posteriors ser\u00e0 v\u00e0lid per al RGPD, i despr\u00e9s expl\u00edcitament en el seu annex I, modifica el RGPD perqu\u00e8 tots tinguem const\u00e0ncia d&#8217;aix\u00f2. Lamentablement la LOPDGDD no ha estat actualitzada de moment, ni es preveu que s&#8217;actualitzi.<\/p><p>Les atribucions del DPD, recordem, eren segons el mateix reglament:<\/p><p>(a) informar i assessorar el responsable o a l&#8217;encarregat del tractament, i als empleats que ocupin del tractament, de les obligacions que incumbeixin amb virtut del reglament itamb\u00e9\u00a0 les altres disposicions de protecci\u00f3 de dades de la Uni\u00f3 o dels altres estats membres, aquesta opci\u00f3 es mant\u00e9, per\u00f2 sempre que no s&#8217;utilitzi el canal de den\u00fancies.<\/p><p>(b) supervisar el compliment del que es disposa en el RGPD, d&#8217;altres disposicions europees i d&#8217;altres dels Estats membres, de manera que inclogui l&#8217;assignaci\u00f3 de responsabilitats, la conscienciaci\u00f3 i la formaci\u00f3 del personal que participi i tamb\u00e9 de les auditories corresponentsi . La supervisi\u00f3 ara canvia de mans, la supervisi\u00f3 \u00faltima, la t\u00e9 la figura de l&#8217;instructor.<\/p><p>(c) oferir l&#8217;assessorament que se li demani sobre l&#8217;avaluaci\u00f3 d&#8217;impacte relativa a la protecci\u00f3 de dades i supervisar la seva aplicaci\u00f3 de conformitat amb l&#8217;article 35. La supervisi\u00f3 \u00faltima passa a les mans de l&#8217;instructor del canal de den\u00fancies com ja hem dit.<\/p><p>(d) cooperar amb l&#8217;autoritat de control. L&#8217;instructor del canal de den\u00fancies \u00e9s l&#8217;autoritat de control pr\u00e8via, \u00e9s ja autoritat de control. Aix\u00ed com l&#8217;autoritat de control de sempre, que \u00e9s l&#8217;ag\u00e8ncia espanyola de protecci\u00f3 de dades, aquesta es dilueix i passen les seves compet\u00e8ncies a una nova d&#8217;autoritat de control del Dret de la Uni\u00f3.<\/p><p>(e) actuar com a punt de contacte de l&#8217;autoritat de control per a q\u00fcestions relatives al tractament inclosa la consulta pr\u00e8via a la qual es refereix l&#8217;article 36, i realitzar consultes o en el seu cas sobre qualsevol altre assumpte. El que s&#8217;ha dit anteriorment, l&#8217;instructor de les b\u00fasties de den\u00fancia \u00e9s l&#8217;autoritat de control pr\u00e8via i pr\u00f2xima les consultes passen a trav\u00e9s seu, aix\u00ed, el delegat de protecci\u00f3 de dades si m\u00e9s no perd bona part de les seves atribucions com era l&#8217;atenci\u00f3 als interessats i l&#8217;exercici dels seus drets.<\/p><p>La supervisi\u00f3 de l&#8217;incompliment normatiu i la cooperaci\u00f3 i enlla\u00e7 amb l&#8217;autoritat de control tamb\u00e9 ser\u00e0 cosa de l&#8217;instructor. Tot funcionar\u00e0 a partir d&#8217;ara pel procediment del canal de den\u00fancies. La llei 201\/1937 \u00e9s una directiva de creaci\u00f3 d&#8217;un procediment de resoluci\u00f3 alternativa de conflictes i de simplificaci\u00f3 administrativa, pels casos m\u00e9s usuals poden trobar cabuda i soluci\u00f3, i els menys usuals una fase probat\u00f2ria pr\u00e8via i un mecanisme per a redre\u00e7ar consultes desviades a trav\u00e9s de la figura de l&#8217;instructor del canal de den\u00fancies, no del DPD.<\/p><p>En trobar-nos davant d&#8217;un procediment previ i quasi obligatori caldria valorar si estar\u00edem o no davant d&#8217;una nova excepci\u00f3 processal, que beneficiaria a les empreses i institucions que posseeixin aquests canals de den\u00fancia amb instructors independents.<\/p><p>Europa ens imposa un nou model i l&#8217;ag\u00e8ncia espanyola de protecci\u00f3 de dades xiula dissimulant.<\/p><p><\/p>\t\t\t\t\t\t\t\t<\/div>\n\t\t\t\t<\/div>\n\t\t\t\t\t<\/div>\n\t\t<\/div>\n\t\t\t\t\t<\/div>\n\t\t<\/section>\n\t\t\t\t<\/div>\n\t\t","protected":false},"excerpt":{"rendered":"<p>Si a vost\u00e8 li venen la protecci\u00f3 de dades esmentant solament el RGPD i LOPDGDD, que s\u00e0piga que l&#8217;estan enganyant. I si vost\u00e8 exerceix de delegat de protecci\u00f3 de dades i a m\u00e9s el seu t\u00edtol li ha costat una pasta, que s\u00e0piga que aix\u00f2 s&#8217;ha acabat tal i com era. Ser\u00e0 d&#8217;una altra manera.&hellip;&nbsp;<a href=\"https:\/\/sintonizaeuropa.eu\/ca\/2021\/03\/23\/el-restyling-del-dpd\/\" rel=\"bookmark\">Llegiu m\u00e9s &raquo;<span class=\"screen-reader-text\">El restyling del DPD<\/span><\/a><\/p>\n","protected":false},"author":3,"featured_media":0,"comment_status":"closed","ping_status":"open","sticky":false,"template":"","format":"standard","meta":{"neve_meta_sidebar":"","neve_meta_container":"","neve_meta_enable_content_width":"off","neve_meta_content_width":0,"neve_meta_title_alignment":"","neve_meta_author_avatar":"","neve_post_elements_order":"","neve_meta_disable_header":"","neve_meta_disable_footer":"","neve_meta_disable_title":"","_jetpack_memberships_contains_paid_content":false,"footnotes":""},"categories":[5],"tags":[],"class_list":["post-684","post","type-post","status-publish","format-standard","hentry","category-canal"],"jetpack_featured_media_url":"","jetpack_sharing_enabled":true,"_links":{"self":[{"href":"https:\/\/sintonizaeuropa.eu\/ca\/wp-json\/wp\/v2\/posts\/684","targetHints":{"allow":["GET"]}}],"collection":[{"href":"https:\/\/sintonizaeuropa.eu\/ca\/wp-json\/wp\/v2\/posts"}],"about":[{"href":"https:\/\/sintonizaeuropa.eu\/ca\/wp-json\/wp\/v2\/types\/post"}],"author":[{"embeddable":true,"href":"https:\/\/sintonizaeuropa.eu\/ca\/wp-json\/wp\/v2\/users\/3"}],"replies":[{"embeddable":true,"href":"https:\/\/sintonizaeuropa.eu\/ca\/wp-json\/wp\/v2\/comments?post=684"}],"version-history":[{"count":14,"href":"https:\/\/sintonizaeuropa.eu\/ca\/wp-json\/wp\/v2\/posts\/684\/revisions"}],"predecessor-version":[{"id":786,"href":"https:\/\/sintonizaeuropa.eu\/ca\/wp-json\/wp\/v2\/posts\/684\/revisions\/786"}],"wp:attachment":[{"href":"https:\/\/sintonizaeuropa.eu\/ca\/wp-json\/wp\/v2\/media?parent=684"}],"wp:term":[{"taxonomy":"category","embeddable":true,"href":"https:\/\/sintonizaeuropa.eu\/ca\/wp-json\/wp\/v2\/categories?post=684"},{"taxonomy":"post_tag","embeddable":true,"href":"https:\/\/sintonizaeuropa.eu\/ca\/wp-json\/wp\/v2\/tags?post=684"}],"curies":[{"name":"wp","href":"https:\/\/api.w.org\/{rel}","templated":true}]}}