{"id":735,"date":"2021-03-30T11:30:49","date_gmt":"2021-03-30T09:30:49","guid":{"rendered":"https:\/\/sintonizaeuropa.eu\/?p=735"},"modified":"2021-04-27T15:45:58","modified_gmt":"2021-04-27T13:45:58","slug":"las-figuras-de-los-buzones-de-denuncia","status":"publish","type":"post","link":"https:\/\/sintonizaeuropa.eu\/ca\/2021\/03\/30\/las-figuras-de-los-buzones-de-denuncia\/","title":{"rendered":"Les figures de les b\u00fasties de den\u00fancia"},"content":{"rendered":"\t\t<div data-elementor-type=\"wp-post\" data-elementor-id=\"735\" class=\"elementor elementor-735\" data-elementor-post-type=\"post\">\n\t\t\t\t\t\t<section class=\"elementor-section elementor-top-section elementor-element elementor-element-be86d9a elementor-section-boxed elementor-section-height-default elementor-section-height-default\" data-id=\"be86d9a\" data-element_type=\"section\" data-e-type=\"section\">\n\t\t\t\t\t\t<div class=\"elementor-container elementor-column-gap-default\">\n\t\t\t\t\t<div class=\"elementor-column elementor-col-100 elementor-top-column elementor-element elementor-element-88593ae\" data-id=\"88593ae\" data-element_type=\"column\" data-e-type=\"column\">\n\t\t\t<div class=\"elementor-widget-wrap elementor-element-populated\">\n\t\t\t\t\t\t<div class=\"elementor-element elementor-element-9951226 elementor-widget elementor-widget-text-editor\" data-id=\"9951226\" data-element_type=\"widget\" data-e-type=\"widget\" data-widget_type=\"text-editor.default\">\n\t\t\t\t<div class=\"elementor-widget-container\">\n\t\t\t\t\t\t\t\t\t<p><iframe title=\"YouTube video player\" src=\"https:\/\/www.youtube.com\/embed\/NZ7-Qo4f0LI\" width=\"560\" height=\"315\" frameborder=\"0\" allowfullscreen=\"allowfullscreen\"><\/iframe><\/p><p><\/p><p>Hem parlat en els v\u00eddeos anteriors de com han de ser les b\u00fasties de den\u00fancia, quins s\u00f3n els temes que com a m\u00ednim s&#8217;han d&#8217;incloure i tamb\u00e9 de l&#8217;obligatorietat, per a totes les administracions p\u00fabliques, totes les empreses de m\u00e9s de 50 treballadors i totes aquelles altres que si b\u00e9 no arriben a aquest nombre de treballadors estan subjectes a alguna normativa especial com el blanqueig de capitals.<\/p><p>Per\u00f2 quines persones intervenen en els canals de den\u00fancia?<br \/>Recordem que sempre hem sostingut que era un veritable proc\u00e9s previ gestionat de manera discreta i privada.<\/p><p>La primera figura que trobem\u00a0 en la directiva 2019 1937, \u00e9s la de l&#8217;anomenada<strong> alertador o denunciant<\/strong> ,dolenta traducci\u00f3 de l&#8217;angl\u00e8s de la paraula <em>Whistleblowers<\/em>, que significa el que toca el xiulet o d\u00f3na l&#8217;alarma, perqu\u00e8 \u00e9s qui efectua la den\u00fancia.<\/p><p>La segona, i aix\u00f2 \u00e9s una gran novetat, \u00e9s la figura del <strong>facilitador<\/strong>, que \u00e9s aquella persona que auxilia al denunciant i al proc\u00e9s establert amb una protecci\u00f3 molt semblant a la de l&#8217;alertador.<\/p><div>La tercera \u00e9s <strong>l&#8217;afectat<\/strong>, en el llenguatge de denunciat, \u00e9s aquella instituci\u00f3 persona jur\u00eddica o tamb\u00e9 persona f\u00edsica contra qui es dirigeix la den\u00fancia.<\/div><div>\u00a0<\/div><p>I la quarta,<strong> l&#8217;instructor<\/strong>, curiosament aquesta figura, la de l&#8217;instructor, la que est\u00e0 a c\u00e0rrec del canal de den\u00fancies, no ve com altres, definida exactament com a tal en la directiva. Per\u00f2 per la seva activitat queda perfectament identificada amb l&#8217;accepci\u00f3 que els diversos diccionaris donen a la paraula instructor. I \u00e9s instructor el que controla al controlador i per tant ha de ser independent, no ha d&#8217;assumir la figura del DPD, ni la de consultor en cap de les activitats de l&#8217;empresa, no pot portar-los l&#8217;assessoria jur\u00eddica externa, la protecci\u00f3 de dades, la qualitat o el compliance, aix\u00f2 anul\u00b7la la credibilitat del canal de den\u00fancies.<\/p><p>El facilitador \u00e9s una persona f\u00edsica que assisteix a un denunciant en el proc\u00e9s de den\u00fancia en un context laboral i l&#8217;assist\u00e8ncia del qual ha de ser confidencial, \u00e9s a dir, sigui o no sigui una den\u00fancia an\u00f2nima el facilitador ha de romandre sempre en l&#8217;anonimat enfront del propietari del canal; la forma en qu\u00e8 s&#8217;estableixi aquesta confidencialitat \u00e9s responsable l&#8217;instructor qui rep tramita i segueix la den\u00fancia, \u00e9s a dir, instrueix el procediment.<\/p><p>El denunciant \u00e9s una persona f\u00edsica que comunica o revela p\u00fablicament informaci\u00f3 obtinguda en el context de les seves activitats, la mateixa directiva estableix el concepte d&#8217;activitat laboral d&#8217;una manera absolutament extensiva abarcant a tot l&#8217;univers de qui den\u00fancia, i tot el concepte de prestaci\u00f3 de serveis. El denunciant (i aix\u00f2 tamb\u00e9 \u00e9s nou) t\u00e9 la facultat de triar el canal m\u00e9s adequat perqu\u00e8 la seva den\u00fancia es tramiti de la forma que ell pensa que s&#8217;ha de tramitar, si no confia en el canal intern, si l&#8217;instructor no \u00e9s p\u00fablicament independent, seri\u00f3s i rigor\u00f3s, pot triar un canal extern o anar a la premsa nom\u00e9s amb al\u00b7legar-ho, sense consideraci\u00f3 de fronteres.<\/p><p>La persona afectada \u00e9s la persona f\u00edsica o jur\u00eddica a la qual es fa refer\u00e8ncia en la den\u00fancia o revelaci\u00f3 p\u00fablica, com la persona a la qual s&#8217;atribueix la infracci\u00f3 o amb la qual s&#8217;associa la infracci\u00f3. La persona afectada en el procediment instructor, des del minut u, t\u00e9 el dret al fet que aquest sigui un procediment amb totes les garanties jur\u00eddiques, amb la finalitat de poder salvaguardar el seu dret de dec\u00e8ncia en all\u00f2 que \u00e9s objecte de la den\u00fancia.<\/p><p>S&#8217;han de prendre totes les mesures destinades a protegir la integritat i confidencialitat de les recerques i procediments o els drets de defensa de les persones afectades, per a aix\u00f2 ha d&#8217;entendre&#8217;s sense perjudici d&#8217;obstaculitzar. Una altra cosa que \u00e9s molt important i nou: la inversi\u00f3 de la c\u00e0rrega de la prova que imposa la directiva, i aix\u00f2 tant en el canal de den\u00fancies com en els procediments nacionals, siguin administratius, civils, penals o laborals.<\/p><p>La directiva no deixa de protegir aquelles informacions que b\u00e9 siguin incompletes, o b\u00e9 siguin err\u00f2nies, per\u00f2 que es poguessin haver presentat amb la convicci\u00f3 que eren correctes. Per a filtrar aquests casos precisament est\u00e0 la figura de l&#8217;instructor i el procediment d&#8217;instrucci\u00f3.<\/p><p>Europa ens posa nous noms, noves garanties per a coses velles<b>.<\/b><\/p>\t\t\t\t\t\t\t\t<\/div>\n\t\t\t\t<\/div>\n\t\t\t\t\t<\/div>\n\t\t<\/div>\n\t\t\t\t\t<\/div>\n\t\t<\/section>\n\t\t\t\t<\/div>\n\t\t","protected":false},"excerpt":{"rendered":"<p>Hem parlat en els v\u00eddeos anteriors de com han de ser les b\u00fasties de den\u00fancia, quins s\u00f3n els temes que com a m\u00ednim s&#8217;han d&#8217;incloure i tamb\u00e9 de l&#8217;obligatorietat, per a totes les administracions p\u00fabliques, totes les empreses de m\u00e9s de 50 treballadors i totes aquelles altres que si b\u00e9 no arriben a aquest nombre&hellip;&nbsp;<a href=\"https:\/\/sintonizaeuropa.eu\/ca\/2021\/03\/30\/las-figuras-de-los-buzones-de-denuncia\/\" rel=\"bookmark\">Llegiu m\u00e9s &raquo;<span class=\"screen-reader-text\">Les figures de les b\u00fasties de den\u00fancia<\/span><\/a><\/p>\n","protected":false},"author":3,"featured_media":0,"comment_status":"closed","ping_status":"open","sticky":false,"template":"","format":"standard","meta":{"neve_meta_sidebar":"","neve_meta_container":"","neve_meta_enable_content_width":"off","neve_meta_content_width":0,"neve_meta_title_alignment":"","neve_meta_author_avatar":"","neve_post_elements_order":"","neve_meta_disable_header":"","neve_meta_disable_footer":"","neve_meta_disable_title":"","_jetpack_memberships_contains_paid_content":false,"footnotes":""},"categories":[5],"tags":[],"class_list":["post-735","post","type-post","status-publish","format-standard","hentry","category-canal"],"jetpack_featured_media_url":"","jetpack_sharing_enabled":true,"_links":{"self":[{"href":"https:\/\/sintonizaeuropa.eu\/ca\/wp-json\/wp\/v2\/posts\/735","targetHints":{"allow":["GET"]}}],"collection":[{"href":"https:\/\/sintonizaeuropa.eu\/ca\/wp-json\/wp\/v2\/posts"}],"about":[{"href":"https:\/\/sintonizaeuropa.eu\/ca\/wp-json\/wp\/v2\/types\/post"}],"author":[{"embeddable":true,"href":"https:\/\/sintonizaeuropa.eu\/ca\/wp-json\/wp\/v2\/users\/3"}],"replies":[{"embeddable":true,"href":"https:\/\/sintonizaeuropa.eu\/ca\/wp-json\/wp\/v2\/comments?post=735"}],"version-history":[{"count":11,"href":"https:\/\/sintonizaeuropa.eu\/ca\/wp-json\/wp\/v2\/posts\/735\/revisions"}],"predecessor-version":[{"id":850,"href":"https:\/\/sintonizaeuropa.eu\/ca\/wp-json\/wp\/v2\/posts\/735\/revisions\/850"}],"wp:attachment":[{"href":"https:\/\/sintonizaeuropa.eu\/ca\/wp-json\/wp\/v2\/media?parent=735"}],"wp:term":[{"taxonomy":"category","embeddable":true,"href":"https:\/\/sintonizaeuropa.eu\/ca\/wp-json\/wp\/v2\/categories?post=735"},{"taxonomy":"post_tag","embeddable":true,"href":"https:\/\/sintonizaeuropa.eu\/ca\/wp-json\/wp\/v2\/tags?post=735"}],"curies":[{"name":"wp","href":"https:\/\/api.w.org\/{rel}","templated":true}]}}