{"id":753,"date":"2021-04-06T12:14:08","date_gmt":"2021-04-06T10:14:08","guid":{"rendered":"https:\/\/sintonizaeuropa.eu\/?p=753"},"modified":"2021-04-27T15:46:14","modified_gmt":"2021-04-27T13:46:14","slug":"esquema-nacional-de-seguridad-el-espia-en-casa","status":"publish","type":"post","link":"https:\/\/sintonizaeuropa.eu\/ca\/2021\/04\/06\/esquema-nacional-de-seguridad-el-espia-en-casa\/","title":{"rendered":"Esquema Nacional de Seguretat: l&#8217;espia a casa"},"content":{"rendered":"\t\t<div data-elementor-type=\"wp-post\" data-elementor-id=\"753\" class=\"elementor elementor-753\" data-elementor-post-type=\"post\">\n\t\t\t\t\t\t<section class=\"elementor-section elementor-top-section elementor-element elementor-element-7abe3d9 elementor-section-boxed elementor-section-height-default elementor-section-height-default\" data-id=\"7abe3d9\" data-element_type=\"section\" data-e-type=\"section\">\n\t\t\t\t\t\t<div class=\"elementor-container elementor-column-gap-default\">\n\t\t\t\t\t<div class=\"elementor-column elementor-col-100 elementor-top-column elementor-element elementor-element-57646ff\" data-id=\"57646ff\" data-element_type=\"column\" data-e-type=\"column\">\n\t\t\t<div class=\"elementor-widget-wrap elementor-element-populated\">\n\t\t\t\t\t\t<div class=\"elementor-element elementor-element-26c3e94 elementor-widget elementor-widget-text-editor\" data-id=\"26c3e94\" data-element_type=\"widget\" data-e-type=\"widget\" data-widget_type=\"text-editor.default\">\n\t\t\t\t<div class=\"elementor-widget-container\">\n\t\t\t\t\t\t\t\t\t<p><iframe title=\"YouTube video player\" src=\"https:\/\/www.youtube.com\/embed\/mGs8W7oo5eA\" width=\"560\" height=\"315\" frameborder=\"0\" allowfullscreen=\"allowfullscreen\"><\/iframe><\/p><p>Ning\u00fa tampoc li ho ha dit, possiblement, per\u00f2 \u00e9s obligatori per a tots aquells que manegin dades o informaci\u00f3 tecnol\u00f2gica de les administracions p\u00fabliques que compleixin els requisits de<strong> l&#8217;Esquema Nacional de Seguretat<\/strong> i l&#8217;<strong>Esquema Nacional d&#8217;Interoperabilitat.<\/strong><\/p><p>\u00c9s legalment obligatori, a m\u00e9s, que el segell oficial estigui en la p\u00e0gina web de la instituci\u00f3 (tamb\u00e9 si \u00e9s un privat) i al mateix temps s&#8217;acrediti la seva auditoria biennal.<\/p><p>El no compliment en un dels tres nivells significaria l&#8217;anul\u00b7laci\u00f3 de qualsevol concurs de contracte p\u00fablic, el no compliment per part de l&#8217;administraci\u00f3 significar\u00e0 la sanci\u00f3 legal per als seus responsables.<\/p><p>En 2007, la UE va decidir regar amb centenars de milions a l&#8217;administraci\u00f3 p\u00fablica espanyola perqu\u00e8 aquestafes un salt tecnol\u00f2gic i s&#8217;homologu\u00e9s i s&#8217;interconnect\u00e9s amb la resta d&#8217;administracions p\u00fabliques dels pa\u00efsos de la Uni\u00f3; va ser l&#8217;anomenat pla Zapatero, buscant tamb\u00e9 augmentar la seva resili\u00e8ncia enfront de la crisi que s&#8217;anunciava.<\/p><p>La llei 11\/2007, de 22 de juny, d&#8217;acc\u00e9s electr\u00f2nic dels ciutadans als Serveis P\u00fablics, buscava crear una eina tan efectiva, que permet\u00e9s garantir els drets dels ciutadans en l&#8217;administraci\u00f3 electr\u00f2nica. El seu objectiu era estandarditzar la situaci\u00f3 tecnol\u00f2gica de les diferents administracions p\u00fabliques aix\u00ed com els serveis electr\u00f2nics existents en aquestes, utilitzar est\u00e0ndards oberts i de manera complement\u00e0ria est\u00e0ndards d&#8217;\u00fas generalitzats als utilitzats pels ciutadans.<\/p><p>Es reconeixia el dret fonamental del ciutad\u00e0 d&#8217;interrelacionar-se telem\u00e0ticament amb l&#8217;administraci\u00f3, i dic es reconeixia perqu\u00e8 estava molt lluny de practicar-se, deuen vost\u00e8s seguir a <a href=\"_wp_link_placeholder\" data-wplink-edit=\"true\">V\u00edctor Almonacid<\/a> que \u00e9s el que m\u00e9s sap en aquest tema.<\/p><p>Una altra cosa va ser que amb aquests diners, les administracions, amb unes eleccions municipals i auton\u00f2miques a les portes, el van usar per a asfaltar carrers, reparar fanals i algun projecte megal\u00f2man.<\/p><p>L&#8217;ENS es va materialitzar mitjan\u00e7ant el Reial decret 3\/2010 (fa onze anys, que en inform\u00e0tica aix\u00f2 \u00e9s molt) de 8 de gener, pel qual es regula l&#8217;Esquema Nacional de Seguretat en l&#8217;\u00e0mbit de l&#8217;Administraci\u00f3 Electr\u00f2nica i s&#8217;ocupa essencialment d&#8217;establir la pol\u00edtica de seguretat en la utilitzaci\u00f3 de mitjans electr\u00f2nics a trav\u00e9s dels principis b\u00e0sics de requisits m\u00ednims que garanteixin la seguretat de la informaci\u00f3 tractada. De pas, com una eina nascuda dels serveis d&#8217;intel\u00b7lig\u00e8ncia espanyols, ficar-se fins i tot en la cuina en les administracions p\u00fabliques, per\u00f2 aquest \u00e9s un altre tema.<\/p><p>Posteriorment va ser modificat pel Reial decret 951\/2015 a la llum del frac\u00e0s de la seva implantaci\u00f3, alhora que es mirava d&#8217;actualitzar-nos tots a l&#8217;evoluci\u00f3 tecnol\u00f2gica, i de les ciber amences i del context regulador tant internacional com Europeu.<\/p><p>El principal objectiu de l&#8217;ENS \u00e9s crear les condicions necess\u00e0ries de seguretat en l&#8217;\u00fas dels mitjans electr\u00f2nics a trav\u00e9s de mesures comunes i iguals per a garantir la seguretat dels sistemes, de les dades,\u00a0 les comunicacions i serveis electr\u00f2nics, aix\u00f2 permetr\u00e0 l&#8217;exercici transparent de drets i el compliment de deures a trav\u00e9s d&#8217;aquests mitjans. Trobem nom\u00e9s 75 mesures de seguretat recollides en l&#8217;ENS que no s\u00f3n molt dif\u00edcils d&#8217;aplicar avui dia, per\u00f2 han d&#8217;estar auditades i actualitzades almenys cada dos anys, \u00e9s a dir, que si una empresa no t\u00e9 el segell de l&#8217;ENS o de l&#8217;ENI no pot contactar amb l&#8217;administraci\u00f3 p\u00fablica, el problema \u00e9s que moltes administracions p\u00fabliques tampoc el tenen.<\/p><p>I a m\u00e9s alguns mestretites que porten el compliance de les empreses (que poca tecnologia coneixen) s&#8217;ofereixen per a fer auditories de seguretat, de protecci\u00f3 de dades i tamb\u00e9 les b\u00fasties de den\u00fancia i tamb\u00e9 l&#8217;ENS perdent aix\u00ed mateix la seva independ\u00e8ncia i la seva credibilitat. <\/p>\t\t\t\t\t\t\t\t<\/div>\n\t\t\t\t<\/div>\n\t\t\t\t\t<\/div>\n\t\t<\/div>\n\t\t\t\t\t<\/div>\n\t\t<\/section>\n\t\t\t\t<\/div>\n\t\t","protected":false},"excerpt":{"rendered":"<p>Ning\u00fa tampoc li ho ha dit, possiblement, per\u00f2 \u00e9s obligatori per a tots aquells que manegin dades o informaci\u00f3 tecnol\u00f2gica de les administracions p\u00fabliques que compleixin els requisits de l&#8217;Esquema Nacional de Seguretat i l&#8217;Esquema Nacional d&#8217;Interoperabilitat. \u00c9s legalment obligatori, a m\u00e9s, que el segell oficial estigui en la p\u00e0gina web de la instituci\u00f3 (tamb\u00e9&hellip;&nbsp;<a href=\"https:\/\/sintonizaeuropa.eu\/ca\/2021\/04\/06\/esquema-nacional-de-seguridad-el-espia-en-casa\/\" rel=\"bookmark\">Llegiu m\u00e9s &raquo;<span class=\"screen-reader-text\">Esquema Nacional de Seguretat: l&#8217;espia a casa<\/span><\/a><\/p>\n","protected":false},"author":3,"featured_media":0,"comment_status":"closed","ping_status":"open","sticky":false,"template":"","format":"standard","meta":{"neve_meta_sidebar":"","neve_meta_container":"","neve_meta_enable_content_width":"off","neve_meta_content_width":0,"neve_meta_title_alignment":"","neve_meta_author_avatar":"","neve_post_elements_order":"","neve_meta_disable_header":"","neve_meta_disable_footer":"","neve_meta_disable_title":"","_jetpack_memberships_contains_paid_content":false,"footnotes":""},"categories":[5],"tags":[],"class_list":["post-753","post","type-post","status-publish","format-standard","hentry","category-canal"],"jetpack_featured_media_url":"","jetpack_sharing_enabled":true,"_links":{"self":[{"href":"https:\/\/sintonizaeuropa.eu\/ca\/wp-json\/wp\/v2\/posts\/753","targetHints":{"allow":["GET"]}}],"collection":[{"href":"https:\/\/sintonizaeuropa.eu\/ca\/wp-json\/wp\/v2\/posts"}],"about":[{"href":"https:\/\/sintonizaeuropa.eu\/ca\/wp-json\/wp\/v2\/types\/post"}],"author":[{"embeddable":true,"href":"https:\/\/sintonizaeuropa.eu\/ca\/wp-json\/wp\/v2\/users\/3"}],"replies":[{"embeddable":true,"href":"https:\/\/sintonizaeuropa.eu\/ca\/wp-json\/wp\/v2\/comments?post=753"}],"version-history":[{"count":14,"href":"https:\/\/sintonizaeuropa.eu\/ca\/wp-json\/wp\/v2\/posts\/753\/revisions"}],"predecessor-version":[{"id":851,"href":"https:\/\/sintonizaeuropa.eu\/ca\/wp-json\/wp\/v2\/posts\/753\/revisions\/851"}],"wp:attachment":[{"href":"https:\/\/sintonizaeuropa.eu\/ca\/wp-json\/wp\/v2\/media?parent=753"}],"wp:term":[{"taxonomy":"category","embeddable":true,"href":"https:\/\/sintonizaeuropa.eu\/ca\/wp-json\/wp\/v2\/categories?post=753"},{"taxonomy":"post_tag","embeddable":true,"href":"https:\/\/sintonizaeuropa.eu\/ca\/wp-json\/wp\/v2\/tags?post=753"}],"curies":[{"name":"wp","href":"https:\/\/api.w.org\/{rel}","templated":true}]}}