{"id":822,"date":"2021-04-20T11:09:11","date_gmt":"2021-04-20T09:09:11","guid":{"rendered":"https:\/\/sintonizaeuropa.eu\/?p=822"},"modified":"2021-04-27T15:46:41","modified_gmt":"2021-04-27T13:46:41","slug":"la-inmoralidad-de-la-sentencia-sachetti","status":"publish","type":"post","link":"https:\/\/sintonizaeuropa.eu\/ca\/2021\/04\/20\/la-inmoralidad-de-la-sentencia-sachetti\/","title":{"rendered":"La immoralitat de la Sent\u00e8ncia Sachetti"},"content":{"rendered":"\t\t<div data-elementor-type=\"wp-post\" data-elementor-id=\"822\" class=\"elementor elementor-822\" data-elementor-post-type=\"post\">\n\t\t\t\t\t\t<section class=\"elementor-section elementor-top-section elementor-element elementor-element-88512d9 elementor-section-boxed elementor-section-height-default elementor-section-height-default\" data-id=\"88512d9\" data-element_type=\"section\" data-e-type=\"section\">\n\t\t\t\t\t\t<div class=\"elementor-container elementor-column-gap-default\">\n\t\t\t\t\t<div class=\"elementor-column elementor-col-100 elementor-top-column elementor-element elementor-element-6ed42b1\" data-id=\"6ed42b1\" data-element_type=\"column\" data-e-type=\"column\">\n\t\t\t<div class=\"elementor-widget-wrap elementor-element-populated\">\n\t\t\t\t\t\t<div class=\"elementor-element elementor-element-381e2c7 elementor-widget elementor-widget-text-editor\" data-id=\"381e2c7\" data-element_type=\"widget\" data-e-type=\"widget\" data-widget_type=\"text-editor.default\">\n\t\t\t\t<div class=\"elementor-widget-container\">\n\t\t\t\t\t\t\t\t\t<p><iframe title=\"YouTube video player\" src=\"https:\/\/www.youtube.com\/embed\/c8_pawLiXGI\" width=\"560\" height=\"315\" frameborder=\"0\" allowfullscreen=\"allowfullscreen\"><\/iframe><br \/>Farem una cosa inhabitual, que \u00e9s parlar d&#8217;importants sent\u00e8ncies que ens canviaran la vida.<\/p><p>I no parlem ja, d&#8217;aquesta que ha condemnat a Espanya a pagar 15 milions d&#8217;euros i 98 mil euros per cada dia que no es transposi la directiva de protecci\u00f3 de dades de les administracions p\u00fabliques.<\/p><p>La primera no \u00e9s una sent\u00e8ncia que sigui del TJUE, sin\u00f3 que \u00e9s del Tribunal Europeu dels Drets Humans, l&#8217;anomenat TEDH. Recordem el TJEU est\u00e0 a Luxemburg i el TEDH est\u00e0 a Estrasburg.<\/p><p>Parlem primer de la Sent\u00e8ncia de 30 de juny de 2020 del Tribunal d&#8217;Estrasburg. I parlem d&#8217;ella perqu\u00e8 la nostra administraci\u00f3, especialment la tribut\u00e0ria, ha fet tot el possible per a amagar-la sota la catifa, \u00e9s l&#8217;<strong>Assumpte Saquetti Iglesias vs. Espanya<\/strong>, Sent\u00e8ncies del 30 de juny de 2020, que declara que el Regne d&#8217;Espanya vulnera el Conveni Europeu de Drets Humans, per no haver ofert una doble inst\u00e0ncia jurisdiccional per a enjudiciar una sanci\u00f3 administrativa imposada per hisenda a una secci\u00f3 greu, \u00e9s a dir, en el procediment administratiu sancionador: les multes han d&#8217;estar i han de tenir apel\u00b7laci\u00f3 judicial si la primera sent\u00e8ncia no \u00e9s conforme als interessos del recurrent.<\/p><p>L&#8217;Alt Tribunal d\u00f3na a m\u00e9s un altre pal, i especialment el d\u00f3na el Tribunal Constitucional, <strong>sanci\u00f3 greu<\/strong> ho \u00e9s quan aquesta \u00e9s de valor semblant al benefici que l&#8217;infractor pretenia obtenir amb la seva infracci\u00f3, \u00e9s a dir, ha d&#8217;analitzar-se pel jutjat la seva proporcionalitat i \u00e9s obligaci\u00f3 del tribunal de segona inst\u00e0ncia l&#8217;apel\u00b7laci\u00f3 i \u00e9s independent de la quantia. Aquesta sent\u00e8ncia t\u00e9 import\u00e0ncia extraordin\u00e0ria per les exagerades sancions que ha anat posant Hisenda o l&#8217;Ag\u00e8ncia Espanyola de Protecci\u00f3 de Dades als pobres privats, mentre tapava les faltes de les administracions p\u00fabliques, partits pol\u00edtics i sindicats. Quantes sancions s&#8217;han imposat i consolidat per l&#8217;Audi\u00e8ncia Nacional en \u00fanica inst\u00e0ncia, fins i tot despr\u00e9s d&#8217;haver-se publicat la sent\u00e8ncia Saquetti?, i \u00e9s prevaricaci\u00f3 el que ha anat passant.<\/p><p>La segona resoluci\u00f3 \u00e9s una altra que estan intentant que passi desapercebuda: \u00e9s l&#8217;acte del tribunal de TJEU, que ha declarat que les directives de protecci\u00f3 als consumidors no s&#8217;oposen a la normativa nacional sobre la usura, aqu\u00ed coneguda com a Llei Azc\u00e1rate de 1908 espanyola, aix\u00ed ho estableix la sala sisena en un acte <a href=\"https:\/\/d500.epimg.net\/descargables\/2021\/03\/31\/986a06c9a05dc75e464f7e1d85ecf929.pdf\"><strong>Assumpte C-503\/20<\/strong><\/a>, amb data del 25 de mar\u00e7, en el qual es pronuncia sobre la q\u00fcesti\u00f3 prejudicial plantejada per l&#8217;audi\u00e8ncia provincial de les Palmes de Gran Can\u00e0ries el setembre de 2020.<\/p><p>Aquest \u00e9s un procediment contra el Banc Santander sobre una targeta revolving amb un TAE del 26,82%. El Santander pretenia trencar aquest l\u00edmit del 20% que en aplicaci\u00f3 de la normativa de la usura limitaven els jutjats i tribunals. Al Santander li ha sortit el tir per la culata.<\/p><p>Finalment, sent\u00e8ncia en<a href=\"https:\/\/curia.europa.eu\/juris\/liste.jsf?lgrec=fr&amp;td=%3BALL&amp;language=en&amp;num=C-64\/20&amp;jur=C\"> <strong>l&#8217;assumpte C-64\/20<\/strong><\/a>, que diu que un jutge (qualsevol jutge) no pot fer cas om\u00eds de la violaci\u00f3 que li incumbeix un Estat membre de transposar una directiva a causa del suposat car\u00e0cter diferent o desproporcionat de la transposici\u00f3, \u00e9s a dir, per l&#8217;enorme canvi jur\u00eddic que suposaria aquesta transposici\u00f3.<\/p><p>El Tribunal de Just\u00edcia declara que l&#8217;article 288 del TFUE (Tractat de Funcionament de la Uni\u00f3 Europea) ha d&#8217;interpretar-se en el sentit que s&#8217;oposa al fet que un jutge, jutjat o audi\u00e8ncia, que en el marc d&#8217;un procediment previst a tal fi pel dret intern, comprova que l&#8217;Estat membre al qual pertany no ha complert amb l&#8217;obligaci\u00f3 de transposar o de transposar incorrectament una directiva, es negui a declarar en la seva sent\u00e8ncia que el referit Estat membre no ha transposat correctament aquesta directiva, i que ha de posar el jutge remeio a aquesta situaci\u00f3, \u00e9s a dir, sentenciant de conformitat aplicant la directiva.<\/p><p>Vist el que hem vist, Europa escrivint dret en l\u00ednies tortes.<\/p>\t\t\t\t\t\t\t\t<\/div>\n\t\t\t\t<\/div>\n\t\t\t\t\t<\/div>\n\t\t<\/div>\n\t\t\t\t\t<\/div>\n\t\t<\/section>\n\t\t\t\t<\/div>\n\t\t","protected":false},"excerpt":{"rendered":"<p>Farem una cosa inhabitual, que \u00e9s parlar d&#8217;importants sent\u00e8ncies que ens canviaran la vida. I no parlem ja, d&#8217;aquesta que ha condemnat a Espanya a pagar 15 milions d&#8217;euros i 98 mil euros per cada dia que no es transposi la directiva de protecci\u00f3 de dades de les administracions p\u00fabliques. La primera no \u00e9s una&hellip;&nbsp;<a href=\"https:\/\/sintonizaeuropa.eu\/ca\/2021\/04\/20\/la-inmoralidad-de-la-sentencia-sachetti\/\" rel=\"bookmark\">Llegiu m\u00e9s &raquo;<span class=\"screen-reader-text\">La immoralitat de la Sent\u00e8ncia Sachetti<\/span><\/a><\/p>\n","protected":false},"author":3,"featured_media":0,"comment_status":"closed","ping_status":"open","sticky":false,"template":"","format":"standard","meta":{"neve_meta_sidebar":"","neve_meta_container":"","neve_meta_enable_content_width":"off","neve_meta_content_width":0,"neve_meta_title_alignment":"","neve_meta_author_avatar":"","neve_post_elements_order":"","neve_meta_disable_header":"","neve_meta_disable_footer":"","neve_meta_disable_title":"","_jetpack_memberships_contains_paid_content":false,"footnotes":""},"categories":[5],"tags":[],"class_list":["post-822","post","type-post","status-publish","format-standard","hentry","category-canal"],"jetpack_featured_media_url":"","jetpack_sharing_enabled":true,"_links":{"self":[{"href":"https:\/\/sintonizaeuropa.eu\/ca\/wp-json\/wp\/v2\/posts\/822","targetHints":{"allow":["GET"]}}],"collection":[{"href":"https:\/\/sintonizaeuropa.eu\/ca\/wp-json\/wp\/v2\/posts"}],"about":[{"href":"https:\/\/sintonizaeuropa.eu\/ca\/wp-json\/wp\/v2\/types\/post"}],"author":[{"embeddable":true,"href":"https:\/\/sintonizaeuropa.eu\/ca\/wp-json\/wp\/v2\/users\/3"}],"replies":[{"embeddable":true,"href":"https:\/\/sintonizaeuropa.eu\/ca\/wp-json\/wp\/v2\/comments?post=822"}],"version-history":[{"count":5,"href":"https:\/\/sintonizaeuropa.eu\/ca\/wp-json\/wp\/v2\/posts\/822\/revisions"}],"predecessor-version":[{"id":852,"href":"https:\/\/sintonizaeuropa.eu\/ca\/wp-json\/wp\/v2\/posts\/822\/revisions\/852"}],"wp:attachment":[{"href":"https:\/\/sintonizaeuropa.eu\/ca\/wp-json\/wp\/v2\/media?parent=822"}],"wp:term":[{"taxonomy":"category","embeddable":true,"href":"https:\/\/sintonizaeuropa.eu\/ca\/wp-json\/wp\/v2\/categories?post=822"},{"taxonomy":"post_tag","embeddable":true,"href":"https:\/\/sintonizaeuropa.eu\/ca\/wp-json\/wp\/v2\/tags?post=822"}],"curies":[{"name":"wp","href":"https:\/\/api.w.org\/{rel}","templated":true}]}}