{"id":835,"date":"2021-04-27T15:18:33","date_gmt":"2021-04-27T13:18:33","guid":{"rendered":"https:\/\/sintonizaeuropa.eu\/?p=835"},"modified":"2021-04-27T15:45:40","modified_gmt":"2021-04-27T13:45:40","slug":"etias-el-fin-del-control-de-las-fronteras-por-parte-de-los-estados","status":"publish","type":"post","link":"https:\/\/sintonizaeuropa.eu\/ca\/2021\/04\/27\/etias-el-fin-del-control-de-las-fronteras-por-parte-de-los-estados\/","title":{"rendered":"ETIAS: el fi del control de les fronteres per part dels Estats"},"content":{"rendered":"\t\t<div data-elementor-type=\"wp-post\" data-elementor-id=\"835\" class=\"elementor elementor-835\" data-elementor-post-type=\"post\">\n\t\t\t\t\t\t<section class=\"elementor-section elementor-top-section elementor-element elementor-element-8a250d7 elementor-section-boxed elementor-section-height-default elementor-section-height-default\" data-id=\"8a250d7\" data-element_type=\"section\" data-e-type=\"section\">\n\t\t\t\t\t\t<div class=\"elementor-container elementor-column-gap-default\">\n\t\t\t\t\t<div class=\"elementor-column elementor-col-100 elementor-top-column elementor-element elementor-element-f8a7ee4\" data-id=\"f8a7ee4\" data-element_type=\"column\" data-e-type=\"column\">\n\t\t\t<div class=\"elementor-widget-wrap elementor-element-populated\">\n\t\t\t\t\t\t<div class=\"elementor-element elementor-element-e037172 elementor-widget elementor-widget-text-editor\" data-id=\"e037172\" data-element_type=\"widget\" data-e-type=\"widget\" data-widget_type=\"text-editor.default\">\n\t\t\t\t<div class=\"elementor-widget-container\">\n\t\t\t\t\t\t\t\t\t<iframe title=\"YouTube video player\" src=\"https:\/\/www.youtube.com\/embed\/k4DJVqyWz4E\" width=\"560\" height=\"315\" frameborder=\"0\" allowfullscreen=\"allowfullscreen\"><\/iframe>\n\n<strong>ETIAS.<\/strong> (European Travel Information and Authorisation System)\n<br>\n\n<br>El dia 25 de febrer de 2021 va saltar l&#8217;esc\u00e0ndol. El Tribunal de Just\u00edcia de la Uni\u00f3 Europea va condemnar a Espanya a pagar una multa de 15.000.000 d&#8217;euros i 89.000 euros per cada dia que no es transposi la Directiva 2016\/680 de 27 d&#8217;abril de 2016, Directiva de protecci\u00f3 de dades per a les administracions p\u00fabliques, i que hauria d&#8217;haver estat transposada abans del 6 de maig de 2018. Ara, es tramita corrents la transposici\u00f3 al nostre Congr\u00e9s de Diputats de manera urgent i discreta. I \u00e9s que el Regne d&#8217;Espanya, una vegada m\u00e9s ha intentat vacil\u00b7lar-li a Europa, i aquesta t\u00e9 una agenda que ha de complir.<br>\n\n<br>I \u00e9s que la sobirania sobre les dades personals de car\u00e0cter policial que tracten les administracions p\u00fabliques espanyoles, \u00e9s europea, no estatal. Les dades ja no s\u00f3n de les policies ni dels jutges. I en aquesta agenda de la qual hem vingut parlant sobre les dades i la seva aplicaci\u00f3, est\u00e0 decidit que es gestionin en sis grans bases de dades europees, que s\u00f3n:<br>\n\n<br><strong>SYS II, EURODAC, EES, ECRIS, VIS<\/strong> i una segregaci\u00f3 d&#8217;ella, que \u00e9s <strong>ETIAS<\/strong>, que estan a disposici\u00f3 de Frontex la policia de fronteres europea que ja interv\u00e9 a Gibraltar, per si vost\u00e8s volen veure-la. La pres\u00e8ncia de la Gu\u00e0rdia Civil a fronteres, aeroports, el mar i duanes, t\u00e9 data de caducitat.<br>\n\n<br><strong>ETIAS<\/strong> \u00e9s la base de dades per gestionar el flux de fronteres\nPer fer-nos una idea de l&#8217;envergadura de l&#8217;envit, parlem d&#8217;uns 1.400 milions de persones de m\u00e9s de 60 pa\u00efsos, parlant m\u00e9s de 100 idiomes de tot el m\u00f3n que poden entrar a Europa sense visat, i la majoria ho fan a l&#8217;espai Schengen, del que recordem el Regne Unit ara s&#8217;ha anat. \u00c9s important doncs, que l&#8217;encreuament fronterer sigui el m\u00e9s f\u00e0cil i alhora segur per a Europa i per a ells.<br>\n\n<br>\u00c9s per aix\u00f2 que la UE llan\u00e7ar\u00e0 <strong>ETIAS<\/strong>, el Sistema Europeu d&#8217;Informaci\u00f3 i Autoritzaci\u00f3 de Viatges, de qu\u00e8 seran receptors conjuntament els pa\u00efsos Schengen i gestionat per les tres ag\u00e8ncies de la UE amb compet\u00e8ncia sobre el tema: Frontex, Eu-Lisa i Europol.<br>\n\n<br>Amb <strong>ETIAS<\/strong>, les verificacions, d&#8217;entrada, es realitzaran abans que els viatgers reservin el seu viatge. Aix\u00f2 escur\u00e7ar\u00e0 enormement els procediments dels controls fronterers a l&#8217;arribada. Els viatgers hauran de completar un formulari de sol\u00b7licitud en l\u00ednia abans del viatge, i pagar una tarifa de 7 euros.<br>\n\n<br>Despr\u00e9s, els sistemes automatitzats compararan les dades de la persona sol\u00b7licitant amb les sis bases de dades que hem dit. En la majoria dels casos el procediment nom\u00e9s durar\u00e0 uns minuts. De sorgir un problema, la unitat central d&#8217;<strong>ETIAS<\/strong>, processar\u00e0 la sol\u00b7licitud manualment, gestionada per Frontex, en un termini de 12 hores. S&#8217;espera que de l&#8217;ordre del 97% de les peticions siguin resoltes en minuts pel procediment automatitzat; la resta, aquest 3% restant, es processar\u00e0 per les unitats nacionals ETIAS i la decisi\u00f3 final es prendr\u00e0 en un termini no superior a quatre dies.<br>\n<br>Si es rebutja la sol\u00b7licitud, el sol\u00b7licitant tindr\u00e0 dret a apel\u00b7lar.<br>\n\n<br>Amb l&#8217;autoritzaci\u00f3 <strong>ETIAS<\/strong> a la m\u00e0, els viatgers podran circular sense traves, a trav\u00e9s de l&#8217;\u00e0rea Schengen.<br>\n\n<br><strong>ETIAS<\/strong> s&#8217;activar\u00e0 el desembre de 2022, perdent a partir d&#8217;aquest moment els estats qualsevol control sobre el flux de fronteres. \u00c9s l&#8217;Europa que albora.<br>\n\t\t\t\t\t\t\t\t<\/div>\n\t\t\t\t<\/div>\n\t\t\t\t\t<\/div>\n\t\t<\/div>\n\t\t\t\t\t<\/div>\n\t\t<\/section>\n\t\t\t\t<\/div>\n\t\t","protected":false},"excerpt":{"rendered":"<p>ETIAS. (European Travel Information and Authorisation System) El dia 25 de febrer de 2021 va saltar l&#8217;esc\u00e0ndol. El Tribunal de Just\u00edcia de la Uni\u00f3 Europea va condemnar a Espanya a pagar una multa de 15.000.000 d&#8217;euros i 89.000 euros per cada dia que no es transposi la Directiva 2016\/680 de 27 d&#8217;abril de 2016, Directiva&hellip;&nbsp;<a href=\"https:\/\/sintonizaeuropa.eu\/ca\/2021\/04\/27\/etias-el-fin-del-control-de-las-fronteras-por-parte-de-los-estados\/\" rel=\"bookmark\">Llegiu m\u00e9s &raquo;<span class=\"screen-reader-text\">ETIAS: el fi del control de les fronteres per part dels Estats<\/span><\/a><\/p>\n","protected":false},"author":3,"featured_media":0,"comment_status":"closed","ping_status":"open","sticky":false,"template":"","format":"standard","meta":{"neve_meta_sidebar":"","neve_meta_container":"","neve_meta_enable_content_width":"off","neve_meta_content_width":0,"neve_meta_title_alignment":"","neve_meta_author_avatar":"","neve_post_elements_order":"","neve_meta_disable_header":"","neve_meta_disable_footer":"","neve_meta_disable_title":"","_jetpack_memberships_contains_paid_content":false,"footnotes":""},"categories":[5],"tags":[],"class_list":["post-835","post","type-post","status-publish","format-standard","hentry","category-canal"],"jetpack_featured_media_url":"","jetpack_sharing_enabled":true,"_links":{"self":[{"href":"https:\/\/sintonizaeuropa.eu\/ca\/wp-json\/wp\/v2\/posts\/835","targetHints":{"allow":["GET"]}}],"collection":[{"href":"https:\/\/sintonizaeuropa.eu\/ca\/wp-json\/wp\/v2\/posts"}],"about":[{"href":"https:\/\/sintonizaeuropa.eu\/ca\/wp-json\/wp\/v2\/types\/post"}],"author":[{"embeddable":true,"href":"https:\/\/sintonizaeuropa.eu\/ca\/wp-json\/wp\/v2\/users\/3"}],"replies":[{"embeddable":true,"href":"https:\/\/sintonizaeuropa.eu\/ca\/wp-json\/wp\/v2\/comments?post=835"}],"version-history":[{"count":11,"href":"https:\/\/sintonizaeuropa.eu\/ca\/wp-json\/wp\/v2\/posts\/835\/revisions"}],"predecessor-version":[{"id":849,"href":"https:\/\/sintonizaeuropa.eu\/ca\/wp-json\/wp\/v2\/posts\/835\/revisions\/849"}],"wp:attachment":[{"href":"https:\/\/sintonizaeuropa.eu\/ca\/wp-json\/wp\/v2\/media?parent=835"}],"wp:term":[{"taxonomy":"category","embeddable":true,"href":"https:\/\/sintonizaeuropa.eu\/ca\/wp-json\/wp\/v2\/categories?post=835"},{"taxonomy":"post_tag","embeddable":true,"href":"https:\/\/sintonizaeuropa.eu\/ca\/wp-json\/wp\/v2\/tags?post=835"}],"curies":[{"name":"wp","href":"https:\/\/api.w.org\/{rel}","templated":true}]}}