{"id":871,"date":"2021-05-11T10:29:36","date_gmt":"2021-05-11T08:29:36","guid":{"rendered":"https:\/\/sintonizaeuropa.eu\/?p=871"},"modified":"2021-05-11T16:27:19","modified_gmt":"2021-05-11T14:27:19","slug":"parecidos-razonables-entre-zeneca-i-seat","status":"publish","type":"post","link":"https:\/\/sintonizaeuropa.eu\/ca\/2021\/05\/11\/parecidos-razonables-entre-zeneca-i-seat\/","title":{"rendered":"Semblances raonables entre Astra Zeneca i SEAT"},"content":{"rendered":"\t\t<div data-elementor-type=\"wp-post\" data-elementor-id=\"871\" class=\"elementor elementor-871\" data-elementor-post-type=\"post\">\n\t\t\t\t\t\t<section class=\"elementor-section elementor-top-section elementor-element elementor-element-f1ae7eb elementor-section-boxed elementor-section-height-default elementor-section-height-default\" data-id=\"f1ae7eb\" data-element_type=\"section\" data-e-type=\"section\">\n\t\t\t\t\t\t<div class=\"elementor-container elementor-column-gap-default\">\n\t\t\t\t\t<div class=\"elementor-column elementor-col-100 elementor-top-column elementor-element elementor-element-ce10413\" data-id=\"ce10413\" data-element_type=\"column\" data-e-type=\"column\">\n\t\t\t<div class=\"elementor-widget-wrap elementor-element-populated\">\n\t\t\t\t\t\t<div class=\"elementor-element elementor-element-a7c6a73 elementor-widget elementor-widget-text-editor\" data-id=\"a7c6a73\" data-element_type=\"widget\" data-e-type=\"widget\" data-widget_type=\"text-editor.default\">\n\t\t\t\t<div class=\"elementor-widget-container\">\n\t\t\t\t\t\t\t\t\t<iframe width=\"560\" height=\"315\" src=\"https:\/\/www.youtube.com\/embed\/KDJzerI5pRM\" title=\"YouTube video player\" frameborder=\"0\" allow=\"accelerometer; autoplay; clipboard-write; encrypted-media; gyroscope; picture-in-picture\" allowfullscreen><\/iframe>\nRiu-te&#8217;n dels pringats de G\u00fcrtel, dels Pujol, del Castor, dels miserables del Popular i del Santander o del Rei em\u00e8rit. Avui parlarem dels que saquegen les arques de l\u2019Estat, i tamb\u00e9 de les comunitats aut\u00f2nomes i ajuntaments, a lo gran!.\n\nVeuran, quan un cotxe surt de la l\u00ednia de producci\u00f3 de SEAT a Martorell, per\u00f2 tamb\u00e9 d\u2019Almussafes que \u00e9s la f\u00e0brica de la Ford o Vigo de la PSA, el que la marca ha rebut en subvencions i facilitats val m\u00e9s que el preu de fabricaci\u00f3 del cotxe. \u00c9s aix\u00ed. Ens sortiria m\u00e9s a compte mantenir a aquests treballadors, que tenir la m\u00e0quina de fer cotxes funcionant.\n\nTot i aix\u00f2, la voracitat del capitalisme fa que aquests vulguin m\u00e9s i m\u00e9s. Avui dia fabricar un cotxe \u00e9s m\u00e9s barat que mai. Comparteixen els grans fabricants, marques i models; comparteixen plataforma modular, comparteixen motor, comparteixen caixa de canvi, sistemes de fre i fins i tot rodes. I a m\u00e9s, comparteixen els sistemes inform\u00e0tics, xips i centraletes que s\u00f3n fabricats per id\u00e8ntics prove\u00efdors. Segons Dacia, aix\u00f2 suposa un estalvi de costos de m\u00e9s del 40 per cent.\n\nPer\u00f2, ara que sembla que es vendran menys cotxes. La seva voracitat no t\u00e9 l\u00edmits i intenten conv\u00e8ncer-nos que els cotxes han de ser m\u00e9s cars perqu\u00e8 porten molta \u00abinvestigaci\u00f3\u00bb, molta \u00abecologia\u00bb i molta \u00abinform\u00e0tica\u00bb, perqu\u00e8 ara hi ha molts requeriments de \u00abseguretat\u00bb i per aix\u00f2 demanen plans per al sector per encara guanyar m\u00e9s diners, perqu\u00e8 si no, se\u2019n van a un pa\u00eds de tercer m\u00f3n. No vaig veure m\u00e9s ensurt en un \u00abexpert\u00bb de les grans companyies automotrius que quan en ple Parlament Europeu se li va suggerir de per qu\u00e8 els cotxes no podien portar un limitador de velocitat de s\u00e8rie a 120.\n\nI no diguin que no \u00e9s fins c\u00f2mic vendre&#8217;ns que els motors el\u00e8ctrics, m\u00e9s antics i simples que els dels combustibles f\u00f2ssils, han de ser m\u00e9s cars.\n\nIgual ens passa amb les farmac\u00e8utiques, i sobretot amb les que han elaborat les vacunes per a la COVID-19. La \u00abpasta\u00bb per la seva investigaci\u00f3 i desenvolupament (el m\u00e9s car) l\u2019hem posat entre tots, no ens enganyem. I per avan\u00e7at. Tot i aix\u00ed, no contents amb aix\u00f2, han signat amb la UE contractes draconians que se\u2019ls reconeix la propietat de les patents, les de la vacuna de la COVID-19, per\u00f2 tamb\u00e9 de totes les connexes que puguin sortir de l\u2019investigat. I, sorprengui\u2019s, en cas que produ\u00efssin danys, els responsables d\u2019indemnitzar serien els estats, no elles, les farmac\u00e8utiques.\n\nUn que \u00e9s jurista, es queda esmaperdut de la capacitat de saltar-se a la torera les mateixes regles i normes de la Uni\u00f3 i tamb\u00e9 dels estats (consum, responsabilitat de fabricant). Veiem contractes amb cl\u00e0usules tapades i beneficis bilionaris per als propers cent anys.\n\nPer\u00f2 no nom\u00e9s aix\u00f2, les vacunes es paguen per avan\u00e7at i si hi ha retard en el lliurament, no passa res, i el preu, va pujant contracte a contracte. Pfizer va costar en el primer contracte 12 euros per dosi, despr\u00e9s, 15,50. La Comissi\u00f3 signa ara contractes per 19,50 per dosi, que evidentment pagarem nosaltres.\n\nI Pfizer diu ara que una tercera dosi \u00e9s necess\u00e0ria per a una plena immunitzaci\u00f3.\n\nNom\u00e9s cal veure els 24.000.000 d\u2019euros que va gastar \u00aboficialment\u00bb el 2020 a Brussel\u00b7les el lobby de les farmac\u00e8utiques, i el mateix el de les petrolieres i fabricants de cotxes.\n\nEuropa encara t\u00e9 m\u00e9s ombres que llums.\t\t\t\t\t\t\t\t<\/div>\n\t\t\t\t<\/div>\n\t\t\t\t\t<\/div>\n\t\t<\/div>\n\t\t\t\t\t<\/div>\n\t\t<\/section>\n\t\t\t\t<\/div>\n\t\t","protected":false},"excerpt":{"rendered":"<p>Riu-te&#8217;n dels pringats de G\u00fcrtel, dels Pujol, del Castor, dels miserables del Popular i del Santander o del Rei em\u00e8rit. Avui parlarem dels que saquegen les arques de l\u2019Estat, i tamb\u00e9 de les comunitats aut\u00f2nomes i ajuntaments, a lo gran!. Veuran, quan un cotxe surt de la l\u00ednia de producci\u00f3 de SEAT a Martorell, per\u00f2&hellip;&nbsp;<a href=\"https:\/\/sintonizaeuropa.eu\/ca\/2021\/05\/11\/parecidos-razonables-entre-zeneca-i-seat\/\" rel=\"bookmark\">Llegiu m\u00e9s &raquo;<span class=\"screen-reader-text\">Semblances raonables entre Astra Zeneca i SEAT<\/span><\/a><\/p>\n","protected":false},"author":3,"featured_media":0,"comment_status":"closed","ping_status":"open","sticky":false,"template":"","format":"standard","meta":{"neve_meta_sidebar":"","neve_meta_container":"","neve_meta_enable_content_width":"off","neve_meta_content_width":0,"neve_meta_title_alignment":"","neve_meta_author_avatar":"","neve_post_elements_order":"","neve_meta_disable_header":"","neve_meta_disable_footer":"","neve_meta_disable_title":"","_jetpack_memberships_contains_paid_content":false,"footnotes":""},"categories":[5],"tags":[],"class_list":["post-871","post","type-post","status-publish","format-standard","hentry","category-canal"],"jetpack_featured_media_url":"","jetpack_sharing_enabled":true,"_links":{"self":[{"href":"https:\/\/sintonizaeuropa.eu\/ca\/wp-json\/wp\/v2\/posts\/871","targetHints":{"allow":["GET"]}}],"collection":[{"href":"https:\/\/sintonizaeuropa.eu\/ca\/wp-json\/wp\/v2\/posts"}],"about":[{"href":"https:\/\/sintonizaeuropa.eu\/ca\/wp-json\/wp\/v2\/types\/post"}],"author":[{"embeddable":true,"href":"https:\/\/sintonizaeuropa.eu\/ca\/wp-json\/wp\/v2\/users\/3"}],"replies":[{"embeddable":true,"href":"https:\/\/sintonizaeuropa.eu\/ca\/wp-json\/wp\/v2\/comments?post=871"}],"version-history":[{"count":7,"href":"https:\/\/sintonizaeuropa.eu\/ca\/wp-json\/wp\/v2\/posts\/871\/revisions"}],"predecessor-version":[{"id":878,"href":"https:\/\/sintonizaeuropa.eu\/ca\/wp-json\/wp\/v2\/posts\/871\/revisions\/878"}],"wp:attachment":[{"href":"https:\/\/sintonizaeuropa.eu\/ca\/wp-json\/wp\/v2\/media?parent=871"}],"wp:term":[{"taxonomy":"category","embeddable":true,"href":"https:\/\/sintonizaeuropa.eu\/ca\/wp-json\/wp\/v2\/categories?post=871"},{"taxonomy":"post_tag","embeddable":true,"href":"https:\/\/sintonizaeuropa.eu\/ca\/wp-json\/wp\/v2\/tags?post=871"}],"curies":[{"name":"wp","href":"https:\/\/api.w.org\/{rel}","templated":true}]}}