{"id":887,"date":"2021-09-03T10:51:05","date_gmt":"2021-09-03T08:51:05","guid":{"rendered":"https:\/\/sintonizaeuropa.eu\/?p=887"},"modified":"2021-09-09T11:35:11","modified_gmt":"2021-09-09T09:35:11","slug":"oncle-claves-si-acudes-al-tjue","status":"publish","type":"post","link":"https:\/\/sintonizaeuropa.eu\/ca\/2021\/09\/03\/oncle-claves-si-acudes-al-tjue\/","title":{"rendered":"Onze claus si vas al TJUE"},"content":{"rendered":"\t\t<div data-elementor-type=\"wp-post\" data-elementor-id=\"887\" class=\"elementor elementor-887\" data-elementor-post-type=\"post\">\n\t\t\t\t\t\t<section class=\"elementor-section elementor-top-section elementor-element elementor-element-2fd13cc elementor-section-boxed elementor-section-height-default elementor-section-height-default\" data-id=\"2fd13cc\" data-element_type=\"section\" data-e-type=\"section\">\n\t\t\t\t\t\t<div class=\"elementor-container elementor-column-gap-default\">\n\t\t\t\t\t<div class=\"elementor-column elementor-col-100 elementor-top-column elementor-element elementor-element-ecac3dd\" data-id=\"ecac3dd\" data-element_type=\"column\" data-e-type=\"column\">\n\t\t\t<div class=\"elementor-widget-wrap elementor-element-populated\">\n\t\t\t\t\t\t<div class=\"elementor-element elementor-element-b76b70e elementor-widget elementor-widget-text-editor\" data-id=\"b76b70e\" data-element_type=\"widget\" data-e-type=\"widget\" data-widget_type=\"text-editor.default\">\n\t\t\t\t<div class=\"elementor-widget-container\">\n\t\t\t\t\t\t\t\t\t\n<iframe width=\"560\" height=\"315\" src=\"https:\/\/www.youtube.com\/embed\/QWh9vKkt5XE\" title=\"YouTube video player\" frameborder=\"0\" allow=\"accelerometer; autoplay; clipboard-write; encrypted-media; gyroscope; picture-in-picture\" allowfullscreen><\/iframe>\n<br>Como abogado he tenido el honor y el placer de llevar un par o tres de <b>\u201ccuestiones prejudiciales\u201d<\/b> delante del Tribunal de la Uni\u00f3n Europea en Luxemburgo y algunos procedimientos m\u00e1s. Vamos a explicar hoy lo que no estando en los manuales, creo que es importante que sea de conocimiento general.<br>\n\n<br><b>Primero.-<\/b> La primera incontestable realidad es que si el 85 % de la normativa que el Estado Espa\u00f1ol publica, lo es en virtud de adaptaci\u00f3n o acomodaci\u00f3n a norma europea. El \u00faltimo tribunal para entender de la aplicaci\u00f3n correcta en Espa\u00f1a de ese 85% de la norma NO ES EL TRIBUNAL SUPREMO, NI SIQUIERA EL CONSTITUCIONAL, lo es, el Tribunal de la Uni\u00f3n Europea en Luxemburgo. La idea piramidal de la estructura de administraci\u00f3n de justicia donde todo acaba en el Supremo\/Constitucional es falsa.<br>\n\n<br>Y en el tema de las nuevas tecnolog\u00edas, de las importaciones, de las transmisiones intercomunitarias, o del derecho de los consumidores y todas aquellas materias relacionadas en la Directiva 2019\/1937, donde poco o nada se decide en Espa\u00f1a, a\u00fan m\u00e1s.<br>\n\n<br><b>Segundo.-<\/b> Los recursos y el acceso a dicho tribunal est\u00e1n distribuidos por toda la normativa comunitaria. Para ser aceptado, debe producirse la suma de procedimiento adecuado m\u00e1s un inter\u00e9s comunitario en el desarrollo del procedimiento. No son generalmente recursos directos tal y como entendemos. Los funcionarios del Tribunal Europeo SE SORPRENDEN de los pocos asuntos que les llegan de Espa\u00f1a. Estamos al nivel de Malta, m\u00e1s o menos. Y eso que Malta tiene menos habitantes que M\u00e1laga.<br>\n\n<br><b>Tercero.-<\/b> Los procedimientos delante del Tribunal de la UE son mezcla del procedimiento anglosaj\u00f3n y del procedimiento continental. Nada es como estamos acostumbrados a ver.<br>\n\n<br><b>Cuarto.-<\/b> La lengua del Tribunal es el Franc\u00e9s. Muy amablemente, todo el mundo habla ingl\u00e9s y tambi\u00e9n hay traducci\u00f3n simult\u00e1nea, pero las vistas se celebran hablando el Tribunal en franc\u00e9s y las relaciones con los letrados fuera de sala, tambi\u00e9n. T\u00fa has de informar en la lengua de donde ha llegado el procedimiento.<br>\n\n<br><b>Quinto.-<\/b> Todo papel que manejen o elaboren las partes, primero se traduce al franc\u00e9s y de esa traducci\u00f3n, que se toma como documento base, se procede a traducir a los 15 idiomas de la Uni\u00f3n. Esto implica una forma de redactar muy diferente a la que estamos acostumbrados. Nada de frases subordinadas ni textos de m\u00e1s de diez l\u00edneas. Todos los p\u00e1rrafos numerados, indicando en las remisiones el p\u00e1rrafo al que se hace referencia.<br>\n\n<br><b>Sexto.-<\/b> Toda la jurisprudencia de todos los tribunales grandes o peque\u00f1os de la Uni\u00f3n son jurisprudencia alegable, cualquiera que sea el pa\u00eds de procedencia. Todas las normas de todos los pa\u00edses de la uni\u00f3n son citables.<br>\n\n<br><b>S\u00e9ptimo.- <\/b>Los jueces conocen realmente el asunto. Aproximadamente quince d\u00edas antes, las partes reciben un documento resumen elaborado por el juez ponente donde fija las posiciones de cada una de ellas, preguntando si ha habido alguna modificaci\u00f3n sobre la misma. El conocimiento del asunto hace que no admitan alegaciones redundantes. La sola referencia a la postura de otra de las partes es suficiente. Rige el principio de eficiencia. Y eso es necesario. No es el pleito en s\u00ed, de entrada hablar\u00edamos de multiplicarlo todo por 28 pa\u00edses.<br>\n\n<br><b>Octavo.-<\/b> La vista oral, en caso de producirse, no es para reafirmar valoraciones u opiniones ya utilizadas. Es para aportar hechos o valoraciones nuevas y aclarar lo que es importante para la parte. Es m\u00e1s un derecho de r\u00e9plica a los escritos de las otras partes que \u201cexordio\u201d, entendido en el t\u00e9rmino cl\u00e1sico del tema. El magistrado, previamente a la misma, fija la pregunta que contestar\u00e1 el Tribunal y que es la que ha tra\u00eddo a las partes hasta all\u00ed. Primero intervienen las partes, luego los abogados de los diversos estados personados en la causa y finalmente el letrado de la Comisi\u00f3n.<br>\n\n<br><b>Noveno.-<\/b> Es un procedimiento con r\u00e9plicas y contrarr\u00e9plicas. Los magistrados intervienen activamente e incluso llegan a proponer ideas y soluciones sobre las que las partes deben opinar en ese mismo momento. La vista consta, por lo general de tres partes, los informes orales, las preguntas de los miembros del Tribunal de Justicia y las r\u00e9plicas.<br>\n\n<br><b>D\u00e9cimo.-<\/b> El dise\u00f1o de la vista permite y aconseja que, aunque haya un interviniente preferente, sea un equipo de letrados y t\u00e9cnicos el que act\u00fae \u201cin situ\u201d. Est\u00e1 permitido pasarse notas, consultar apuntes, consultar informaciones, legislaci\u00f3n e incluso jurisprudencia en plena vista. \u00a1Google en el Tribunal!. De ello que el equipo ideal conste de un orador principal que ha de ser letrado, un coordinador, un especialista en el tema tratado y un especialista en derecho comunitario. En caso de no tener alguno de ellos profundos conocimientos de franc\u00e9s e ingles, un quinto miembro que domine perfectamente dichas lenguas.<br>\n\n<br><strong>D\u00e9cimo primero.-<\/strong> No se juzga el derecho nacional de cada pa\u00eds. En eso el Tribunal se abstiene de entrar y lo recuerda constantemente a las partes. La pregunta no es -\u00bfAplica el estado \u201cX\u201d mal la norma comunitaria \u201cY\u201d?- sino -\u00bfDebe entenderse que la norma comunitaria \u201cY\u201d debe aplicarse como lo hace el estado \u201cX\u201d?.<br>\n\n<br>Europa y sus particularidades<br>\n\n<br>Josep Jover\n\t\t\t\t\t\t\t\t<\/div>\n\t\t\t\t<\/div>\n\t\t\t\t\t<\/div>\n\t\t<\/div>\n\t\t\t\t\t<\/div>\n\t\t<\/section>\n\t\t\t\t<\/div>\n\t\t","protected":false},"excerpt":{"rendered":"<p>Com advocat he tingut l&#8217;honor i el plaer de portar un parell o tres de &#8220;q\u00fcestions prejudicials&#8221; davant del Tribunal de la Uni\u00f3 Europea a Luxemburg i alguns procediments m\u00e9s. Explicar\u00e9 avui el que no est\u00e0 en els manuals, perqu\u00e8 crec que \u00e9s important que sigui de coneixement general. Primer.- La primera incontestable realitat \u00e9s&hellip;&nbsp;<a href=\"https:\/\/sintonizaeuropa.eu\/ca\/2021\/09\/03\/oncle-claves-si-acudes-al-tjue\/\" rel=\"bookmark\">Llegiu m\u00e9s &raquo;<span class=\"screen-reader-text\">Onze claus si vas al TJUE<\/span><\/a><\/p>\n","protected":false},"author":3,"featured_media":0,"comment_status":"closed","ping_status":"open","sticky":false,"template":"","format":"standard","meta":{"neve_meta_sidebar":"","neve_meta_container":"","neve_meta_enable_content_width":"off","neve_meta_content_width":70,"neve_meta_title_alignment":"","neve_meta_author_avatar":"","neve_post_elements_order":"","neve_meta_disable_header":"","neve_meta_disable_footer":"","neve_meta_disable_title":"","_jetpack_memberships_contains_paid_content":false,"footnotes":""},"categories":[1],"tags":[],"class_list":["post-887","post","type-post","status-publish","format-standard","hentry","category-sin-categoria"],"jetpack_featured_media_url":"","jetpack_sharing_enabled":true,"_links":{"self":[{"href":"https:\/\/sintonizaeuropa.eu\/ca\/wp-json\/wp\/v2\/posts\/887","targetHints":{"allow":["GET"]}}],"collection":[{"href":"https:\/\/sintonizaeuropa.eu\/ca\/wp-json\/wp\/v2\/posts"}],"about":[{"href":"https:\/\/sintonizaeuropa.eu\/ca\/wp-json\/wp\/v2\/types\/post"}],"author":[{"embeddable":true,"href":"https:\/\/sintonizaeuropa.eu\/ca\/wp-json\/wp\/v2\/users\/3"}],"replies":[{"embeddable":true,"href":"https:\/\/sintonizaeuropa.eu\/ca\/wp-json\/wp\/v2\/comments?post=887"}],"version-history":[{"count":19,"href":"https:\/\/sintonizaeuropa.eu\/ca\/wp-json\/wp\/v2\/posts\/887\/revisions"}],"predecessor-version":[{"id":936,"href":"https:\/\/sintonizaeuropa.eu\/ca\/wp-json\/wp\/v2\/posts\/887\/revisions\/936"}],"wp:attachment":[{"href":"https:\/\/sintonizaeuropa.eu\/ca\/wp-json\/wp\/v2\/media?parent=887"}],"wp:term":[{"taxonomy":"category","embeddable":true,"href":"https:\/\/sintonizaeuropa.eu\/ca\/wp-json\/wp\/v2\/categories?post=887"},{"taxonomy":"post_tag","embeddable":true,"href":"https:\/\/sintonizaeuropa.eu\/ca\/wp-json\/wp\/v2\/tags?post=887"}],"curies":[{"name":"wp","href":"https:\/\/api.w.org\/{rel}","templated":true}]}}