{"id":909,"date":"2021-09-07T11:44:34","date_gmt":"2021-09-07T09:44:34","guid":{"rendered":"https:\/\/sintonizaeuropa.eu\/?p=909"},"modified":"2021-09-07T12:46:04","modified_gmt":"2021-09-07T10:46:04","slug":"la-seguridad-publica-en-una-encrucijada","status":"publish","type":"post","link":"https:\/\/sintonizaeuropa.eu\/ca\/2021\/09\/07\/la-seguridad-publica-en-una-encrucijada\/","title":{"rendered":"La seguretat p\u00fablica en una cru\u00eflla"},"content":{"rendered":"\t\t<div data-elementor-type=\"wp-post\" data-elementor-id=\"909\" class=\"elementor elementor-909\" data-elementor-post-type=\"post\">\n\t\t\t\t\t\t<section class=\"elementor-section elementor-top-section elementor-element elementor-element-57529d4 elementor-section-boxed elementor-section-height-default elementor-section-height-default\" data-id=\"57529d4\" data-element_type=\"section\" data-e-type=\"section\">\n\t\t\t\t\t\t<div class=\"elementor-container elementor-column-gap-default\">\n\t\t\t\t\t<div class=\"elementor-column elementor-col-100 elementor-top-column elementor-element elementor-element-cfbba8d\" data-id=\"cfbba8d\" data-element_type=\"column\" data-e-type=\"column\">\n\t\t\t<div class=\"elementor-widget-wrap elementor-element-populated\">\n\t\t\t\t\t\t<div class=\"elementor-element elementor-element-cbf590a elementor-widget elementor-widget-text-editor\" data-id=\"cbf590a\" data-element_type=\"widget\" data-e-type=\"widget\" data-widget_type=\"text-editor.default\">\n\t\t\t\t<div class=\"elementor-widget-container\">\n\t\t\t\t\t\t\t\t\t<iframe title=\"YouTube video player\" src=\"https:\/\/www.youtube.com\/embed\/UnC6PGlpEBU\" width=\"560\" height=\"315\" frameborder=\"0\" allowfullscreen=\"allowfullscreen\"><\/iframe>\n\u00bfSe acuerdan ustedes de aquella multa del TJUE de 15,000,000 de Euros m\u00e1s 98.000 Euros por cada d\u00eda que no se traspusiese la Directiva de protecci\u00f3n de los datos personales policiales?.\n\n\u00bfEsa que nuestro ministerio del Interior se hab\u00eda hecho el loco para no tener que aplicarlo y hab\u00eda removido cielos y tierra para que no se traspusiese? Pues nada, en menos de un mes y sin que ning\u00fan partido alzara la voz, Ley Org\u00e1nica publicada.\n\nLes presento la <strong><em>Ley Org\u00e1nica 7\/2021, de 26 de mayo, de protecci\u00f3n de datos personales tratados para fines de prevenci\u00f3n, detecci\u00f3n, investigaci\u00f3n y enjuiciamiento de infracciones penales y de ejecuci\u00f3n de sanciones penales<\/em><\/strong>, que elimina cualquier norma anterior, estatal o auton\u00f3mica que se oponga a esta y a la Directiva y al RGPD.\n\nDe esta forma, la normativa sobre videovigilancia, o la normativa sobre cesi\u00f3n de datos entre polic\u00edas han pasado a la papelera de la historia, y especialmente ficheros de \u201csospechosos habituales\u201d, activistas, y chiringuitos como podr\u00edan ser las comisiones de videovigilancia auton\u00f3micas y las limitaciones que interior impon\u00eda a las polic\u00edas locales y auton\u00f3micas. Que lo tengamos claro, es una liberalizaci\u00f3n responsable de trabas administrativas.\n\nAs\u00ed jubila la norma tambi\u00e9n, las versiones anteriores de:\n<ul>\n \t<li>\u00a0La Ley Org\u00e1nica 1\/1979, de 26 de septiembre, General Penitenciaria;<\/li>\n \t<li>La Ley 50\/1981, de 30 de diciembre, reguladora del Estatuto Org\u00e1nico del Ministerio Fiscal;<\/li>\n \t<li>La Ley Org\u00e1nica 6\/1985 de 1 de julio, del Poder Judicial; La Ley Org\u00e1nica 3\/2018, de 5 de diciembre, de Protecci\u00f3n de Datos Personales y garant\u00eda de los derechos digitales;<\/li>\n \t<li>La Ley Org\u00e1nica 1\/2020, de 16 de septiembre, sobre la utilizaci\u00f3n de los datos del registro de nombres de pasajeros para la prevenci\u00f3n, detecci\u00f3n, investigaci\u00f3n y enjuiciamiento de delitos de terrorismo y delitos graves;<\/li>\n \t<li>La Ley 19\/2007, de 11 de julio, contra la violencia, el racismo, la xenofobia y la intolerancia en el deporte;<\/li>\n \t<li>La Ley 5\/2014, de 4 de abril, de Seguridad Privada;<\/li>\n \t<li>\u00a0Y el Texto refundido de la Ley sobre Tr\u00e1fico, Circulaci\u00f3n de Veh\u00edculos a Motor y Seguridad Vial, aprobado por el Real Decreto Legislativo 6\/2015, de 30 de octubre.\nEstas son las que se quedan, las otras, repito, eliminadas.<\/li>\n<\/ul>\nCualquier ayuntamiento que quiera poner c\u00e1maras de videovigilancia en carreteras y calles podr\u00e1 hacerlo sin problemas. Solo necesitar\u00e1 el informe de su DPD y pasar la auditor\u00eda correspondiente efectuada por un profesional con conocimientos del mundo t\u00e9cnico, jur\u00eddico y policial.\n\nY eso \u00bfpor qu\u00e9?; pues porque la actividad de la informaci\u00f3n policial y de seguridad ya no es una soberan\u00eda estatal. El nuevo jefe est\u00e1 en Bruselas, o mejor dicho, en Tallin.\n\nY es que, est\u00e1n pasando en el mundo policial muchas cosas, de las que curiosamente, ni esos periodistas \u201cconstitucionalistas\u201d ni los sindicatos policiales, no han publicado una nota.\n\nVeamos:\n\nEste mes de mayo de 2021 Frontex, la polic\u00eda de Fronteras europea ha abierto ya oficina en los aeropuertos de Madrid y Barcelona y las patrulleras con la bandera de la Uni\u00f3n ya navegan en Canarias.\n\nEste mes de agosto, los estados, y el espa\u00f1ol tambi\u00e9n, empezar\u00e1n a emitir los nuevos DNI europeos y es que el 1 de enero de 2022 el tr\u00e1fico de Fronteras estar\u00e1 gestionado por ETIAS y Frontex, perdiendo los estados su soberan\u00eda.\n\nEn abril de 2021 empezaron a salir las primeras promociones de los polic\u00edas de Frontex, una de ellas se ha graduado precisamente en la Escuela de la Polic\u00eda Nacional de \u00c1vila. Se espera que sean ya m\u00e1s de 10.000 efectivos dentro de cinco a\u00f1os.\n\nCepol, la Escuela de Polic\u00eda con sede en Budapest est\u00e1 formando sus mandos, Europol supera los 2.000 efectivos y sobre todo, toda la informaci\u00f3n policial y de seguridad se gestionar\u00e1 por Eu-Lisa, y no por los estados.\n\nDe ello que dicha ley org\u00e1nica, la 7\/2021, en realidad, sea una estandarizaci\u00f3n europea de calidad y seguridad de los datos policiales.\nPero alcanza ese nuevo control a mucho m\u00e1s: tambi\u00e9n se han cedido los antecedentes penales, control de aviones y pasajeros, Visados, asilo, armas, y hasta containers y motores de embarcaciones, veh\u00edculos y aeronaves. Eso sin contar con la informaci\u00f3n concentrada de car\u00e1cter econ\u00f3mico y bancario.\n\nPero la felicidad no es completa; ahora que tenemos Ley Org\u00e1nica, al legislador se le ha olvidado que, desde el 2016 al 2021 ha llovido mucho y la versi\u00f3n que hemos aprobado no es la que ser\u00eda actualizada, al estar modificada la Directiva, entre otras, por la tambi\u00e9n Directiva 2019\/1937 de Whistleblowers, de la que ya hemos hablado.\n\nTodas las instituciones p\u00fablicas, y las polic\u00edas tambi\u00e9n, habr\u00e1n de contar con buzones de denuncia gestionados independientemente para poder cumplir con las Directivas y Reglamentos y el \u00faltimo d\u00eda de plazo es el 26 de octubre de 2021.\n\nPor decirlo de una manera sucinta. Cualquier organizaci\u00f3n de polic\u00eda, para cumplir la Ley, de entrada, ha de contar con el informe de cumplimiento positivo del DPD, la auditoria bienal obligatoria y el buz\u00f3n de denuncias.\n\nCualquier ayuntamiento, a\u00fan sin polic\u00eda que tenga una c\u00e1mara, tambi\u00e9n.\n\nBueno y pensar que se acab\u00f3 gestionar ficheros sin control europeo.\nEl juego de la seguridad solo acaba de empezar en Europa.\n\t\t\t\t\t\t\t\t<\/div>\n\t\t\t\t<\/div>\n\t\t\t\t\t<\/div>\n\t\t<\/div>\n\t\t\t\t\t<\/div>\n\t\t<\/section>\n\t\t\t\t<\/div>\n\t\t","protected":false},"excerpt":{"rendered":"<p>Recorden vost\u00e8s d&#8217;aquella multa del TJUE de 15.000.000 d&#8217;Euros m\u00e9s 98.000 euros per cada dia que no es fes la transposici\u00f3 la Directiva de protecci\u00f3 de les dades personals policials? Aquesta Directiva que el nostre Ministeri de l&#8217;Interior s&#8217;havia fet el boig per no haver d\u2019aplicar-la i havia remogut cel i terra perqu\u00e8 no es&hellip;&nbsp;<a href=\"https:\/\/sintonizaeuropa.eu\/ca\/2021\/09\/07\/la-seguridad-publica-en-una-encrucijada\/\" rel=\"bookmark\">Llegiu m\u00e9s &raquo;<span class=\"screen-reader-text\">La seguretat p\u00fablica en una cru\u00eflla<\/span><\/a><\/p>\n","protected":false},"author":3,"featured_media":0,"comment_status":"closed","ping_status":"open","sticky":false,"template":"","format":"standard","meta":{"neve_meta_sidebar":"","neve_meta_container":"","neve_meta_enable_content_width":"off","neve_meta_content_width":70,"neve_meta_title_alignment":"","neve_meta_author_avatar":"","neve_post_elements_order":"","neve_meta_disable_header":"","neve_meta_disable_footer":"","neve_meta_disable_title":"","_jetpack_memberships_contains_paid_content":false,"footnotes":""},"categories":[1],"tags":[],"class_list":["post-909","post","type-post","status-publish","format-standard","hentry","category-sin-categoria"],"jetpack_featured_media_url":"","jetpack_sharing_enabled":true,"_links":{"self":[{"href":"https:\/\/sintonizaeuropa.eu\/ca\/wp-json\/wp\/v2\/posts\/909","targetHints":{"allow":["GET"]}}],"collection":[{"href":"https:\/\/sintonizaeuropa.eu\/ca\/wp-json\/wp\/v2\/posts"}],"about":[{"href":"https:\/\/sintonizaeuropa.eu\/ca\/wp-json\/wp\/v2\/types\/post"}],"author":[{"embeddable":true,"href":"https:\/\/sintonizaeuropa.eu\/ca\/wp-json\/wp\/v2\/users\/3"}],"replies":[{"embeddable":true,"href":"https:\/\/sintonizaeuropa.eu\/ca\/wp-json\/wp\/v2\/comments?post=909"}],"version-history":[{"count":16,"href":"https:\/\/sintonizaeuropa.eu\/ca\/wp-json\/wp\/v2\/posts\/909\/revisions"}],"predecessor-version":[{"id":926,"href":"https:\/\/sintonizaeuropa.eu\/ca\/wp-json\/wp\/v2\/posts\/909\/revisions\/926"}],"wp:attachment":[{"href":"https:\/\/sintonizaeuropa.eu\/ca\/wp-json\/wp\/v2\/media?parent=909"}],"wp:term":[{"taxonomy":"category","embeddable":true,"href":"https:\/\/sintonizaeuropa.eu\/ca\/wp-json\/wp\/v2\/categories?post=909"},{"taxonomy":"post_tag","embeddable":true,"href":"https:\/\/sintonizaeuropa.eu\/ca\/wp-json\/wp\/v2\/tags?post=909"}],"curies":[{"name":"wp","href":"https:\/\/api.w.org\/{rel}","templated":true}]}}