{"id":947,"date":"2021-09-19T20:16:33","date_gmt":"2021-09-19T18:16:33","guid":{"rendered":"https:\/\/sintonizaeuropa.eu\/?p=947"},"modified":"2021-09-19T20:26:46","modified_gmt":"2021-09-19T18:26:46","slug":"europa-4-0-hacia-donde-vamos","status":"publish","type":"post","link":"https:\/\/sintonizaeuropa.eu\/ca\/2021\/09\/19\/europa-4-0-hacia-donde-vamos\/","title":{"rendered":"Europa 4.0 cap a on anem?"},"content":{"rendered":"\t\t<div data-elementor-type=\"wp-post\" data-elementor-id=\"947\" class=\"elementor elementor-947\" data-elementor-post-type=\"post\">\n\t\t\t\t\t\t<section class=\"elementor-section elementor-top-section elementor-element elementor-element-0ab8cd1 elementor-section-boxed elementor-section-height-default elementor-section-height-default\" data-id=\"0ab8cd1\" data-element_type=\"section\" data-e-type=\"section\">\n\t\t\t\t\t\t<div class=\"elementor-container elementor-column-gap-default\">\n\t\t\t\t\t<div class=\"elementor-column elementor-col-100 elementor-top-column elementor-element elementor-element-747bda8\" data-id=\"747bda8\" data-element_type=\"column\" data-e-type=\"column\">\n\t\t\t<div class=\"elementor-widget-wrap elementor-element-populated\">\n\t\t\t\t\t\t<div class=\"elementor-element elementor-element-719dea1 elementor-widget elementor-widget-text-editor\" data-id=\"719dea1\" data-element_type=\"widget\" data-e-type=\"widget\" data-widget_type=\"text-editor.default\">\n\t\t\t\t<div class=\"elementor-widget-container\">\n\t\t\t\t\t\t\t\t\t<iframe width=\"560\" height=\"315\" src=\"https:\/\/www.youtube.com\/embed\/7haBS0RwhBw\" title=\"YouTube video player\" frameborder=\"0\" allow=\"accelerometer; autoplay; clipboard-write; encrypted-media; gyroscope; picture-in-picture\" allowfullscreen><\/iframe>\n<br>La Uni\u00f3n ha venido evolucionando, con un cierto paralelismo al del mundo de la Web. El \u201cmundo anal\u00f3gico\u201d se acab\u00f3 con el tratado de Maastricht. S\u00ed, ese tratado al que se ha apuntado ahora Gibraltar, pero no Reino Unido.<br>\n<br>El Tratado de la Uni\u00f3n Europea se firm\u00f3 en Maastricht el 7 de febrero de 1992. Conforme a dicho Tratado, la Uni\u00f3n se fundamenta en las Comunidades Europeas (primer pilar), m\u00e1s dos \u00e1mbitos de cooperaci\u00f3n adicionales (segundo y tercer pilar) que son la Pol\u00edtica Exterior y de Seguridad Com\u00fan (PESC) y el \u00e1mbito de Justicia y Asuntos de Interior (JAI). Con la entrada en vigor de este, el de Tratado de la Uni\u00f3n Europea, la CEE se convirti\u00f3 en la Comunidad Europea (CE). Entr\u00f3 en vigor: 1 de noviembre de 1993.<br>\n\n<br>Podemos decir que la primera generaci\u00f3n, \u201cla generaci\u00f3n 1.0\u201d, como la web, va desde la puesta en marcha del tratado de Maastricht hasta el 1 de diciembre de 2009, fecha de entrada en vigor de la Carta de Derechos Fundamentales de los Ciudadanos de la Uni\u00f3n, que acompa\u00f1a ya por siempre al TUE Y AL TFUE, sellados en Lisboa.<br>\n\n<br>Al igual que en la Web 1.0, en ese primer momento, el ciudadano era s\u00f3lo un ente pasivo, su actividad era de solo lectura, ya que \u00e9ste no pod\u00eda interactuar con el contenido normativo. La informaci\u00f3n estaba  totalmente limitada a lo que el Webmaster (la UE) le interesaba que se conociera. Los actores reales eran los estados, la Comisi\u00f3n y las empresas. S\u00f3lo el \u00e1mbito del Derecho laboral y fiscal, iban algo por delante, en ese momento, en el reconocimiento de derechos y obligaciones.<br>\n\n<br>La \u201cgeneraci\u00f3n 2.0\u201d la podr\u00edamos situar desde esa fecha, en 2009, hasta el inicio del Brexit, y por poner una fecha ser\u00eda la del 20 de mayo de 2015 en que se public\u00f3 en el Diario Oficial de la Uni\u00f3n Europea la Directiva (UE) 2015\/849 del Parlamento Europeo y del Consejo relativa a la prevenci\u00f3n de la utilizaci\u00f3n del sistema financiero para el blanqueo de capitales y la financiaci\u00f3n del terrorismo, la llamada Cuarta Directiva. <br>\n\n<br>A partir de 2015 se detecta una nueva actitud o que se resume en tres principios b\u00e1sicos: la Uni\u00f3n como plataforma, la inteligencia colectiva y la arquitectura de la participaci\u00f3n en pos de la transparencia. Es decir el ciudadano pasa a ser part\u00edcipe y actor, aunque secundario. Se empiezan a cristalizar en las normas, los derechos establecidos en la Carta. Hay un enfoque m\u00e1s colaborativo y de construcci\u00f3n social; fen\u00f3menos sociales como el 15-M tuvieron que ver en elcambio de fondo que eso represent\u00f3. <br>\n\n<br>En este momento es cuando la incomodidad del Reino Unido estalla. Estalla la idea del Brexit y el euroescepticismo.<br>\n\n<br>A partir de 2015, nace una nueva generaci\u00f3n de directivas, donde los estados ceden soberan\u00eda como nunca lo hicieron. La \u201cgeneraci\u00f3n 3.0\u201d entiende ya la Uni\u00f3n como un todo, jur\u00eddico, administrativo y pol\u00edtico, donde la c\u00fapula jer\u00e1rquica de los poderes, legislativo, ejecutivo y judicial es la UE, ella y s\u00f3lo ella.<br> \n\n<br>La Uni\u00f3n Europea asume desde un primer momento que lo del Brexit es un divorcio en toda regla, y que m\u00e1s pronto o m\u00e1s tarde, se materializar\u00e1. Y obtiene el cierre de filas a su alrededor de los 27 estados restantes.<br>\n\n<br>Europa es tambi\u00e9n un pa\u00f1uelo.<br>\n\t\t\t\t\t\t\t\t<\/div>\n\t\t\t\t<\/div>\n\t\t\t\t\t<\/div>\n\t\t<\/div>\n\t\t\t\t\t<\/div>\n\t\t<\/section>\n\t\t\t\t<\/div>\n\t\t","protected":false},"excerpt":{"rendered":"<p>La Uni\u00f3 ha vingut evolucionant, amb un cert paral\u00b7lelisme al del m\u00f3n de la web. El &#8220;m\u00f3n anal\u00f2gic&#8221; es va acabar amb el tractat de Maastricht. S\u00ed, aquest tractat a qu\u00e8 s&#8217;ha apuntat ara Gibraltar. El Tractat de la Uni\u00f3 Europea es va signar a Maastricht el 7 de febrer de 1992. D&#8217;acord amb aquest&hellip;&nbsp;<a href=\"https:\/\/sintonizaeuropa.eu\/ca\/2021\/09\/19\/europa-4-0-hacia-donde-vamos\/\" rel=\"bookmark\">Llegiu m\u00e9s &raquo;<span class=\"screen-reader-text\">Europa 4.0 cap a on anem?<\/span><\/a><\/p>\n","protected":false},"author":3,"featured_media":0,"comment_status":"closed","ping_status":"open","sticky":false,"template":"","format":"standard","meta":{"neve_meta_sidebar":"","neve_meta_container":"","neve_meta_enable_content_width":"off","neve_meta_content_width":70,"neve_meta_title_alignment":"","neve_meta_author_avatar":"","neve_post_elements_order":"","neve_meta_disable_header":"","neve_meta_disable_footer":"","neve_meta_disable_title":"","_jetpack_memberships_contains_paid_content":false,"footnotes":""},"categories":[1],"tags":[],"class_list":["post-947","post","type-post","status-publish","format-standard","hentry","category-sin-categoria"],"jetpack_featured_media_url":"","jetpack_sharing_enabled":true,"_links":{"self":[{"href":"https:\/\/sintonizaeuropa.eu\/ca\/wp-json\/wp\/v2\/posts\/947","targetHints":{"allow":["GET"]}}],"collection":[{"href":"https:\/\/sintonizaeuropa.eu\/ca\/wp-json\/wp\/v2\/posts"}],"about":[{"href":"https:\/\/sintonizaeuropa.eu\/ca\/wp-json\/wp\/v2\/types\/post"}],"author":[{"embeddable":true,"href":"https:\/\/sintonizaeuropa.eu\/ca\/wp-json\/wp\/v2\/users\/3"}],"replies":[{"embeddable":true,"href":"https:\/\/sintonizaeuropa.eu\/ca\/wp-json\/wp\/v2\/comments?post=947"}],"version-history":[{"count":4,"href":"https:\/\/sintonizaeuropa.eu\/ca\/wp-json\/wp\/v2\/posts\/947\/revisions"}],"predecessor-version":[{"id":952,"href":"https:\/\/sintonizaeuropa.eu\/ca\/wp-json\/wp\/v2\/posts\/947\/revisions\/952"}],"wp:attachment":[{"href":"https:\/\/sintonizaeuropa.eu\/ca\/wp-json\/wp\/v2\/media?parent=947"}],"wp:term":[{"taxonomy":"category","embeddable":true,"href":"https:\/\/sintonizaeuropa.eu\/ca\/wp-json\/wp\/v2\/categories?post=947"},{"taxonomy":"post_tag","embeddable":true,"href":"https:\/\/sintonizaeuropa.eu\/ca\/wp-json\/wp\/v2\/tags?post=947"}],"curies":[{"name":"wp","href":"https:\/\/api.w.org\/{rel}","templated":true}]}}