{"id":953,"date":"2021-09-21T13:05:26","date_gmt":"2021-09-21T11:05:26","guid":{"rendered":"https:\/\/sintonizaeuropa.eu\/?p=953"},"modified":"2021-09-21T13:35:22","modified_gmt":"2021-09-21T11:35:22","slug":"a-europa-no-le-agradan-los-ciudadanos","status":"publish","type":"post","link":"https:\/\/sintonizaeuropa.eu\/ca\/2021\/09\/21\/a-europa-no-le-agradan-los-ciudadanos\/","title":{"rendered":"A Europa no li agraden els ciutadans"},"content":{"rendered":"\t\t<div data-elementor-type=\"wp-post\" data-elementor-id=\"953\" class=\"elementor elementor-953\" data-elementor-post-type=\"post\">\n\t\t\t\t\t\t<section class=\"elementor-section elementor-top-section elementor-element elementor-element-06d7f85 elementor-section-boxed elementor-section-height-default elementor-section-height-default\" data-id=\"06d7f85\" data-element_type=\"section\" data-e-type=\"section\">\n\t\t\t\t\t\t<div class=\"elementor-container elementor-column-gap-default\">\n\t\t\t\t\t<div class=\"elementor-column elementor-col-100 elementor-top-column elementor-element elementor-element-133675a\" data-id=\"133675a\" data-element_type=\"column\" data-e-type=\"column\">\n\t\t\t<div class=\"elementor-widget-wrap elementor-element-populated\">\n\t\t\t\t\t\t<div class=\"elementor-element elementor-element-1ac6901 elementor-widget elementor-widget-text-editor\" data-id=\"1ac6901\" data-element_type=\"widget\" data-e-type=\"widget\" data-widget_type=\"text-editor.default\">\n\t\t\t\t<div class=\"elementor-widget-container\">\n\t\t\t\t\t\t\t\t\t<p><iframe title=\"YouTube video player\" src=\"https:\/\/www.youtube.com\/embed\/qyiShs4ZMnY\" width=\"560\" height=\"315\" frameborder=\"0\" allowfullscreen=\"allowfullscreen\"><\/iframe><\/p><p>La Uni\u00f3n Europea nace como un proyecto econ\u00f3mico, para buscar la paz a trav\u00e9s de la econom\u00eda, bajo el principio que si dos pa\u00edses tienen un tr\u00e1fico econ\u00f3mico superior a la suma de sus proyectos en defensa, estos nunca har\u00e1n la guerra.<\/p><p>Realmente, Europa estaba en shock despu\u00e9s de arrasar el continente por dos veces en treinta a\u00f1os, con centenares de millones de muertos. La Uni\u00f3n Europea tiene sus ra\u00edces en uno de los dos proyectos que se forjaron para impedir una tercera gran guerra europea.<\/p><p>Y se sustenta en tres tratados iniciales: <b>El Tratado CECA<\/b>: Sobre la base del plan Schumann,  seis pa\u00edses firman en Versalles un tratado para gestionar sus industrias pesadas de una forma com\u00fan, Es el carb\u00f3n y el acero, la Alsacia y la Lorena. De este modo, ninguno puede individualmente fabricar armas de guerra para utilizarlas contra el otro, como ocurr\u00eda en el pasado.<\/p><p>Los Estados miembros originarios son Alemania, B\u00e9lgica, Francia, Italia, Luxemburgo y los Pa\u00edses Bajos firm\u00e1ndose el 15 abril 1951 A esos estados se les llama, \u201clos seis\u201d.<\/p><p><b>El Tratado constitutivo de la Comunidad Europea de la Energ\u00eda At\u00f3mica (Euratom)<\/b>, no sea que alguien haga una gilipollez y montemos un nuevo Hiroshima y <b>el de la Comunidad Econ\u00f3mica Europea (CEE)<\/b> , son firmados por los Seis en Roma y a partir de entonces ser\u00e1n conocidos como &#8220;los Tratados de Roma&#8221;. Su firma es el 25 de marzo de 1957. En este \u00faltimo tratado, el CEE, se crean las figuras del Europarlamento y la Comisi\u00f3n.<br><\/p>\n<p><br>M\u00e1s tarde, se firman en Bruselas los Protocolos sobre los privilegios e inmunidades concedidos a las Comunidades Europeas y sobre el estatuto del Tribunal de Justicia de las Comunidades Europeas. Eso pasa el 17 de abril de 1957.<br><\/p>\n<p><br>Y de golpe, en 1957, ya hemos creado los tres poderes:<br>\nUn ejecutivo, <i>la Comisi\u00f3n Europea<\/i> que tiene el M\u00e1ximo poder.<br>\nUn legislativo, <i>el Parlamento Europeo<\/i> con el m\u00ednimo poder, posiblemente sea el parlamento con menos poder de todos los que existen.<br>\nUn judicial, <i>el Tribunal de Justicia de la Uni\u00f3n europea <\/i>que tiene el M\u00e1ximo poder sobre las estructuras judiciales de los pa\u00edses.<\/p><p>Pero, \u00bfPara gobernar qu\u00e9?<\/p><p>Si la uni\u00f3n que se ha hecho es para propiciar un mercado com\u00fan, no es una uni\u00f3n, ni pol\u00edtica, ni social, sino econ\u00f3mica y para la econom\u00eda. Por tanto&#8230; la Uni\u00f3n europea est\u00e1 hecha para y por \u00ablos mercaderes\u00bb y las libertades a defender por esa instituci\u00f3n, ser\u00e1n las del mercado.<br>\nNo, no son las libertades de los ciudadanos, pero tampoco los derechos de los estados. No es un club de estados.<\/p><p>El &#8216;Acuerdo europeo de las cuatro libertades&#8217; Firmado en 1986, la llamada <b>Acta \u00danica Europea,<\/b> lo deja bien claro. La consolidaci\u00f3n de un verdadero mercado com\u00fan es uno de los elementos fundamentales del proceso de integraci\u00f3n europea. Para lograr esa unidad de mercado, clave de una Europa Unida, el Tratado de la Comunidad Europa y el acervo comunitario se establecen las llamadas &#8220;cuatro libertades b\u00e1sicas&#8221;,y no son el Derecho a la vida, o a educaci\u00f3n, son:<br>1. La libre circulaci\u00f3n de mercanc\u00edas.<br>\n2. La libre circulaci\u00f3n de personas<br>\n3. La libre circulaci\u00f3n de servicios<br>\n4. La libre circulaci\u00f3n de capitales<\/p><p>Realmente, <b>A LOS CIUDADANOS, HASTA 2009, NI EST\u00c1N NI SE LES ESPERA.<\/b><\/p><p>Es solo a partir de la entrada en vigor de la<b> CARTA DE LOS DERECHOS FUNDAMENTALES DE LOS CIUDADANOS DE LA UNI\u00d3N, en 2009<\/b>, que el ciudadano europeo es sujeto de obligaciones y derechos. Y debemos reconocerlo, las instituciones no estaban preparadas para eso, y de momento no saben como torear los requerimientos que los ciudadanos les hacen. Han conseguido que la soberan\u00eda sea europea de muchas facetas de nuestra vida, pero tener la competencia comporta responsabilizarse de ella.<\/p><p>Por si no se sabe: Europa NO es firmante de ning\u00fan tratado internacional de derechos humanos.<br>&gt;<br>\n<b><\/p>\t\t\t\t\t\t\t\t<\/div>\n\t\t\t\t<\/div>\n\t\t\t\t\t<\/div>\n\t\t<\/div>\n\t\t\t\t\t<\/div>\n\t\t<\/section>\n\t\t\t\t<\/div>\n\t\t","protected":false},"excerpt":{"rendered":"<p>Uni\u00f3 Europea neix com un projecte econ\u00f2mic, per buscar la pau a trav\u00e9s de l&#8217;economia, sota el principi que si dos pa\u00efsos tenen un tr\u00e0fic econ\u00f2mic superior a la suma dels seus projectes en defensa, aquests mai faran la guerra. Realment, Europa estava en xoc despr\u00e9s d&#8217;arrasar el continent per dues vegades en trenta anys,&hellip;&nbsp;<a href=\"https:\/\/sintonizaeuropa.eu\/ca\/2021\/09\/21\/a-europa-no-le-agradan-los-ciudadanos\/\" rel=\"bookmark\">Llegiu m\u00e9s &raquo;<span class=\"screen-reader-text\">A Europa no li agraden els ciutadans<\/span><\/a><\/p>\n","protected":false},"author":3,"featured_media":0,"comment_status":"closed","ping_status":"open","sticky":false,"template":"","format":"standard","meta":{"neve_meta_sidebar":"","neve_meta_container":"","neve_meta_enable_content_width":"off","neve_meta_content_width":70,"neve_meta_title_alignment":"","neve_meta_author_avatar":"","neve_post_elements_order":"","neve_meta_disable_header":"","neve_meta_disable_footer":"","neve_meta_disable_title":"","_jetpack_memberships_contains_paid_content":false,"footnotes":""},"categories":[1],"tags":[],"class_list":["post-953","post","type-post","status-publish","format-standard","hentry","category-sin-categoria"],"jetpack_featured_media_url":"","jetpack_sharing_enabled":true,"_links":{"self":[{"href":"https:\/\/sintonizaeuropa.eu\/ca\/wp-json\/wp\/v2\/posts\/953","targetHints":{"allow":["GET"]}}],"collection":[{"href":"https:\/\/sintonizaeuropa.eu\/ca\/wp-json\/wp\/v2\/posts"}],"about":[{"href":"https:\/\/sintonizaeuropa.eu\/ca\/wp-json\/wp\/v2\/types\/post"}],"author":[{"embeddable":true,"href":"https:\/\/sintonizaeuropa.eu\/ca\/wp-json\/wp\/v2\/users\/3"}],"replies":[{"embeddable":true,"href":"https:\/\/sintonizaeuropa.eu\/ca\/wp-json\/wp\/v2\/comments?post=953"}],"version-history":[{"count":4,"href":"https:\/\/sintonizaeuropa.eu\/ca\/wp-json\/wp\/v2\/posts\/953\/revisions"}],"predecessor-version":[{"id":958,"href":"https:\/\/sintonizaeuropa.eu\/ca\/wp-json\/wp\/v2\/posts\/953\/revisions\/958"}],"wp:attachment":[{"href":"https:\/\/sintonizaeuropa.eu\/ca\/wp-json\/wp\/v2\/media?parent=953"}],"wp:term":[{"taxonomy":"category","embeddable":true,"href":"https:\/\/sintonizaeuropa.eu\/ca\/wp-json\/wp\/v2\/categories?post=953"},{"taxonomy":"post_tag","embeddable":true,"href":"https:\/\/sintonizaeuropa.eu\/ca\/wp-json\/wp\/v2\/tags?post=953"}],"curies":[{"name":"wp","href":"https:\/\/api.w.org\/{rel}","templated":true}]}}