{"id":960,"date":"2021-09-30T10:04:24","date_gmt":"2021-09-30T08:04:24","guid":{"rendered":"https:\/\/sintonizaeuropa.eu\/?p=960"},"modified":"2021-09-30T10:32:58","modified_gmt":"2021-09-30T08:32:58","slug":"el-chiringuito-de-la-aepd","status":"publish","type":"post","link":"https:\/\/sintonizaeuropa.eu\/ca\/2021\/09\/30\/el-chiringuito-de-la-aepd\/","title":{"rendered":"El xiringuito de la AEPD"},"content":{"rendered":"\t\t<div data-elementor-type=\"wp-post\" data-elementor-id=\"960\" class=\"elementor elementor-960\" data-elementor-post-type=\"post\">\n\t\t\t\t\t\t<section class=\"elementor-section elementor-top-section elementor-element elementor-element-3f88a81 elementor-section-boxed elementor-section-height-default elementor-section-height-default\" data-id=\"3f88a81\" data-element_type=\"section\" data-e-type=\"section\">\n\t\t\t\t\t\t<div class=\"elementor-container elementor-column-gap-default\">\n\t\t\t\t\t<div class=\"elementor-column elementor-col-100 elementor-top-column elementor-element elementor-element-c3234f5\" data-id=\"c3234f5\" data-element_type=\"column\" data-e-type=\"column\">\n\t\t\t<div class=\"elementor-widget-wrap elementor-element-populated\">\n\t\t\t\t\t\t<div class=\"elementor-element elementor-element-c8b4d26 elementor-widget elementor-widget-text-editor\" data-id=\"c8b4d26\" data-element_type=\"widget\" data-e-type=\"widget\" data-widget_type=\"text-editor.default\">\n\t\t\t\t<div class=\"elementor-widget-container\">\n\t\t\t\t\t\t\t\t\t<p><iframe title=\"YouTube video player\" src=\"https:\/\/www.youtube.com\/embed\/cbKeboZ4BBE\" width=\"560\" height=\"315\" frameborder=\"0\" allowfullscreen=\"allowfullscreen\"><\/iframe><br \/>El presente v\u00eddeo se podr\u00eda titular tambi\u00e9n <em><strong>\u00abcon un par\u00bb<\/strong><\/em><\/p><p>Me explicar\u00e9.<\/p><p>Resulta que el primero de junio de 2021, hace ya algunos meses, se adapt\u00f3 el reglamento interno de la Agencia de Protecci\u00f3n de Datos al RGPD, se adapt\u00f3 al Reglamento europeo de protecci\u00f3n de Datos.<\/p><p>Esto nos da serias dudas jur\u00eddicas sobre el anterior reglamento, y sobre todos los procedimientos sancionatorios abiertos desde 2018, por lo menos.<br \/>En este nuevo reglamento interno, se crea la figura del presidente, sin funciones sancionatorias y tambi\u00e9n la del Subdirector General de protecci\u00f3n de datos a quien se le dotan, a ese cargo, de dichas facultades sancionadoras, que ya no son, esas facultades pues, cosa del presidente.<\/p><p>Adem\u00e1s, en la disposici\u00f3n adicional \u00fanica del presente nuevo reglamento que entr\u00f3 en vigor el 2 de junio, se SUPRIMEN, los \u00f3rganos directivos de la anterior agencia. Se suprime la figura del director, se suprime la Inspecci\u00f3n de datos y tambi\u00e9n el Registro General de Protecci\u00f3n de datos.<\/p><p>No estamos delante del caso, como vemos en el Consejo General del poder judicial de que los anteriores consejeros est\u00e1n en funciones porque no se ha nombrado a los nuevos, pero los cargos contin\u00faan existiendo. En este caso los cargos est\u00e1n suprimidos. YA NO EXISTEN.<\/p><p>En la Disposici\u00f3n transitoria \u00fanica se nos dice que ser\u00e1 el presidente, quien validar\u00e1 provisionalmente y organizar\u00e1 la estructura de la Agencia.<br \/>El presidente, recordemos no ha sido nombrado.<\/p><p>Pues bien, la <strong>cospedalista<\/strong> directora de la Agencia, contin\u00faa ejerciendo su cargo, sueldo y coche oficial incluido y lo que es peor, resolviendo y sancionando.<br \/>Ni tan siquiera el pr\u00f3ximo presidente, que no ha sido nombrado, podr\u00eda ejercer esta labor.<\/p><p>Pero lo importante es estar y gozar del poder que da el cargo.<\/p><p>Yo soy ya viejo, pero cuando estudiaba derecho, all\u00e1 en el siglo pasado, a esto se le llamaba prevaricaci\u00f3n y malversaci\u00f3n de bienes p\u00fablicos.<\/p><p>En fin, Y adem\u00e1s contin\u00faa represent\u00e1ndonos en Europa, como si la cosa no fuera con ella.<\/p><p><br \/> Josep Jover<\/p><p>\u00a0<\/p>\t\t\t\t\t\t\t\t<\/div>\n\t\t\t\t<\/div>\n\t\t\t\t\t<\/div>\n\t\t<\/div>\n\t\t\t\t\t<\/div>\n\t\t<\/section>\n\t\t\t\t<\/div>\n\t\t","protected":false},"excerpt":{"rendered":"<p>El present v\u00eddeo es podria titular tamb\u00e9 \u00abamb un parell\u00bb M&#8217;explicar\u00e9. Resulta que el primer de juny de 2021, fa ja alguns mesos, es va adaptar el reglament intern de l&#8217;Ag\u00e8ncia de Protecci\u00f3 de Dades a l&#8217;RGPD, es va adaptar al Reglament europeu de protecci\u00f3 de Dades. Aix\u00f2 ens d\u00f3na seriosos dubtes sobre l&#8217;anterior reglament,&hellip;&nbsp;<a href=\"https:\/\/sintonizaeuropa.eu\/ca\/2021\/09\/30\/el-chiringuito-de-la-aepd\/\" rel=\"bookmark\">Llegiu m\u00e9s &raquo;<span class=\"screen-reader-text\">El xiringuito de la AEPD<\/span><\/a><\/p>\n","protected":false},"author":3,"featured_media":0,"comment_status":"closed","ping_status":"open","sticky":false,"template":"","format":"standard","meta":{"neve_meta_sidebar":"","neve_meta_container":"","neve_meta_enable_content_width":"off","neve_meta_content_width":70,"neve_meta_title_alignment":"","neve_meta_author_avatar":"","neve_post_elements_order":"","neve_meta_disable_header":"","neve_meta_disable_footer":"","neve_meta_disable_title":"","_jetpack_memberships_contains_paid_content":false,"footnotes":""},"categories":[1],"tags":[],"class_list":["post-960","post","type-post","status-publish","format-standard","hentry","category-sin-categoria"],"jetpack_featured_media_url":"","jetpack_sharing_enabled":true,"_links":{"self":[{"href":"https:\/\/sintonizaeuropa.eu\/ca\/wp-json\/wp\/v2\/posts\/960","targetHints":{"allow":["GET"]}}],"collection":[{"href":"https:\/\/sintonizaeuropa.eu\/ca\/wp-json\/wp\/v2\/posts"}],"about":[{"href":"https:\/\/sintonizaeuropa.eu\/ca\/wp-json\/wp\/v2\/types\/post"}],"author":[{"embeddable":true,"href":"https:\/\/sintonizaeuropa.eu\/ca\/wp-json\/wp\/v2\/users\/3"}],"replies":[{"embeddable":true,"href":"https:\/\/sintonizaeuropa.eu\/ca\/wp-json\/wp\/v2\/comments?post=960"}],"version-history":[{"count":7,"href":"https:\/\/sintonizaeuropa.eu\/ca\/wp-json\/wp\/v2\/posts\/960\/revisions"}],"predecessor-version":[{"id":969,"href":"https:\/\/sintonizaeuropa.eu\/ca\/wp-json\/wp\/v2\/posts\/960\/revisions\/969"}],"wp:attachment":[{"href":"https:\/\/sintonizaeuropa.eu\/ca\/wp-json\/wp\/v2\/media?parent=960"}],"wp:term":[{"taxonomy":"category","embeddable":true,"href":"https:\/\/sintonizaeuropa.eu\/ca\/wp-json\/wp\/v2\/categories?post=960"},{"taxonomy":"post_tag","embeddable":true,"href":"https:\/\/sintonizaeuropa.eu\/ca\/wp-json\/wp\/v2\/tags?post=960"}],"curies":[{"name":"wp","href":"https:\/\/api.w.org\/{rel}","templated":true}]}}