{"id":977,"date":"2021-10-18T18:59:37","date_gmt":"2021-10-18T16:59:37","guid":{"rendered":"https:\/\/sintonizaeuropa.eu\/?p=977"},"modified":"2021-10-18T17:26:22","modified_gmt":"2021-10-18T15:26:22","slug":"se-amplian-los-buzones-de-denuncia","status":"publish","type":"post","link":"https:\/\/sintonizaeuropa.eu\/ca\/2021\/10\/18\/se-amplian-los-buzones-de-denuncia\/","title":{"rendered":"S&#8217;amplien les b\u00fasties de den\u00fancies"},"content":{"rendered":"\t\t<div data-elementor-type=\"wp-post\" data-elementor-id=\"977\" class=\"elementor elementor-977\" data-elementor-post-type=\"post\">\n\t\t\t\t\t\t<section class=\"elementor-section elementor-top-section elementor-element elementor-element-83fbb50 elementor-section-boxed elementor-section-height-default elementor-section-height-default\" data-id=\"83fbb50\" data-element_type=\"section\" data-e-type=\"section\">\n\t\t\t\t\t\t<div class=\"elementor-container elementor-column-gap-default\">\n\t\t\t\t\t<div class=\"elementor-column elementor-col-100 elementor-top-column elementor-element elementor-element-779c849\" data-id=\"779c849\" data-element_type=\"column\" data-e-type=\"column\">\n\t\t\t<div class=\"elementor-widget-wrap elementor-element-populated\">\n\t\t\t\t\t\t<div class=\"elementor-element elementor-element-295c65b elementor-widget elementor-widget-text-editor\" data-id=\"295c65b\" data-element_type=\"widget\" data-e-type=\"widget\" data-widget_type=\"text-editor.default\">\n\t\t\t\t<div class=\"elementor-widget-container\">\n\t\t\t\t\t\t\t\t\t<p><br \/><iframe title=\"YouTube video player\" src=\"https:\/\/www.youtube.com\/embed\/eM_x3Wp_JLI\" width=\"560\" height=\"315\" frameborder=\"0\" allowfullscreen=\"allowfullscreen\"><\/iframe><br \/>Los buzones de Denuncia de la<a href=\"https:\/\/eur-lex.europa.eu\/legal-content\/ES\/ALL\/?uri=CELEX:32019L1937\"><strong> Directiva 2019\/1937<\/strong><\/a>, que antes eran s\u00f3lo para empresas de m\u00e1s de 50 trabajadores y todas las administraciones p\u00fablicas van cogiendo m\u00e1s atribuciones.<\/p><p>De solo <strong><em>Whistleblowers<\/em><\/strong>, se generalizan a todas las empresas e instituciones, independientes de su tama\u00f1o por otros temas.<\/p><p>As\u00ed debe entenderse al haber entrado en vigor el <strong><a href=\"https:\/\/www.boe.es\/buscar\/doc.php?id=BOE-A-2020-12214\">Real Decreto 901\/2020, de 13 de octubre<\/a>,<\/strong> sobre el procedimiento de actuaci\u00f3n frente al acoso sexual y al acoso por no raz\u00f3n de sexo que desarrolla el <a href=\"https:\/\/www.boe.es\/buscar\/act.php?id=BOE-A-2007-6115\"><strong>art\u00edculo 48 de la Ley Org\u00e1nica 3\/2007, de 22 de marzo<\/strong>,<\/a> aprobada \u00e9sta \u00faltima por el Gobierno Rajoy.<\/p><p>Se establece en \u00e9l que todas las empresas, con independencia de su tama\u00f1o, deber\u00e1n promover condiciones de trabajo que eviten el acoso sexual y el acoso por no raz\u00f3n de sexo y arbitrar procedimientos espec\u00edficos para su prevenci\u00f3n<br \/>y para dar cauce a las denuncias o reclamaciones que puedan formular quienes hayan sido objeto del mismo.<\/p><p>El procedimiento, que tiene los mismos requerimientos que los pedidos por la Directiva, se identifica con ella los mecanismos de protecci\u00f3n para que no existan represalias.<\/p><p>Dicho procedimiento, que debe prever la anonimidad y la gesti\u00f3n externa e independiente, se apoya en las indicaciones contenidas en el punto 7 del Anexo: Disposiciones aplicables para la elaboraci\u00f3n del diagn\u00f3stico contenidas en el citado reglamento.<\/p><p>La anterior informaci\u00f3n ha venido confirmada, punto por punto, por una consulta efectuada a la <em>Secretar\u00eda General para el Emprendimiento, la Igualdad en la Empresa de la Secretar\u00eda de Estado de Igualdad y contra la Violencia de G\u00e9nero del Ministerio de Igualdad<\/em>. Y aqu\u00ed s\u00ed que hablamos de sanciones de hasta 500.000 Euros.<\/p><p>Es lo que hay, cada vez usamos m\u00e1s los mecanismos de Europa.<br \/><\/p>\t\t\t\t\t\t\t\t<\/div>\n\t\t\t\t<\/div>\n\t\t\t\t\t<\/div>\n\t\t<\/div>\n\t\t\t\t\t<\/div>\n\t\t<\/section>\n\t\t\t\t<\/div>\n\t\t","protected":false},"excerpt":{"rendered":"<p>Les b\u00fasties de Den\u00fancia de la Directiva 2019\/1937, que abans eren nom\u00e9s per a empreses de m\u00e9s de 50 treballadors i totes les administracions p\u00fabliques van agafant m\u00e9s atribucions. De nom\u00e9s Whistleblowers, es generalitzen a totes les empreses i institucions, independents de la seva grand\u00e0ria, per altres temes. Aix\u00ed s&#8217;ha d&#8217;entendre a l\u2019haver entrat en&hellip;&nbsp;<a href=\"https:\/\/sintonizaeuropa.eu\/ca\/2021\/10\/18\/se-amplian-los-buzones-de-denuncia\/\" rel=\"bookmark\">Llegiu m\u00e9s &raquo;<span class=\"screen-reader-text\">S&#8217;amplien les b\u00fasties de den\u00fancies<\/span><\/a><\/p>\n","protected":false},"author":3,"featured_media":0,"comment_status":"closed","ping_status":"open","sticky":false,"template":"","format":"standard","meta":{"neve_meta_sidebar":"","neve_meta_container":"","neve_meta_enable_content_width":"off","neve_meta_content_width":70,"neve_meta_title_alignment":"","neve_meta_author_avatar":"","neve_post_elements_order":"","neve_meta_disable_header":"","neve_meta_disable_footer":"","neve_meta_disable_title":"","_jetpack_memberships_contains_paid_content":false,"footnotes":""},"categories":[1],"tags":[],"class_list":["post-977","post","type-post","status-publish","format-standard","hentry","category-sin-categoria"],"jetpack_featured_media_url":"","jetpack_sharing_enabled":true,"_links":{"self":[{"href":"https:\/\/sintonizaeuropa.eu\/ca\/wp-json\/wp\/v2\/posts\/977","targetHints":{"allow":["GET"]}}],"collection":[{"href":"https:\/\/sintonizaeuropa.eu\/ca\/wp-json\/wp\/v2\/posts"}],"about":[{"href":"https:\/\/sintonizaeuropa.eu\/ca\/wp-json\/wp\/v2\/types\/post"}],"author":[{"embeddable":true,"href":"https:\/\/sintonizaeuropa.eu\/ca\/wp-json\/wp\/v2\/users\/3"}],"replies":[{"embeddable":true,"href":"https:\/\/sintonizaeuropa.eu\/ca\/wp-json\/wp\/v2\/comments?post=977"}],"version-history":[{"count":5,"href":"https:\/\/sintonizaeuropa.eu\/ca\/wp-json\/wp\/v2\/posts\/977\/revisions"}],"predecessor-version":[{"id":982,"href":"https:\/\/sintonizaeuropa.eu\/ca\/wp-json\/wp\/v2\/posts\/977\/revisions\/982"}],"wp:attachment":[{"href":"https:\/\/sintonizaeuropa.eu\/ca\/wp-json\/wp\/v2\/media?parent=977"}],"wp:term":[{"taxonomy":"category","embeddable":true,"href":"https:\/\/sintonizaeuropa.eu\/ca\/wp-json\/wp\/v2\/categories?post=977"},{"taxonomy":"post_tag","embeddable":true,"href":"https:\/\/sintonizaeuropa.eu\/ca\/wp-json\/wp\/v2\/tags?post=977"}],"curies":[{"name":"wp","href":"https:\/\/api.w.org\/{rel}","templated":true}]}}