{"id":983,"date":"2021-10-19T16:29:59","date_gmt":"2021-10-19T14:29:59","guid":{"rendered":"https:\/\/sintonizaeuropa.eu\/?p=983"},"modified":"2021-10-19T16:45:37","modified_gmt":"2021-10-19T14:45:37","slug":"interinos-espana-ha-traspasado-todos-los-limites","status":"publish","type":"post","link":"https:\/\/sintonizaeuropa.eu\/ca\/2021\/10\/19\/interinos-espana-ha-traspasado-todos-los-limites\/","title":{"rendered":"Interins: Espanya ha traspassat tots els l\u00edmits"},"content":{"rendered":"\t\t<div data-elementor-type=\"wp-post\" data-elementor-id=\"983\" class=\"elementor elementor-983\" data-elementor-post-type=\"post\">\n\t\t\t\t\t\t<section class=\"elementor-section elementor-top-section elementor-element elementor-element-905e8fd elementor-section-boxed elementor-section-height-default elementor-section-height-default\" data-id=\"905e8fd\" data-element_type=\"section\" data-e-type=\"section\">\n\t\t\t\t\t\t<div class=\"elementor-container elementor-column-gap-default\">\n\t\t\t\t\t<div class=\"elementor-column elementor-col-100 elementor-top-column elementor-element elementor-element-447c894\" data-id=\"447c894\" data-element_type=\"column\" data-e-type=\"column\">\n\t\t\t<div class=\"elementor-widget-wrap elementor-element-populated\">\n\t\t\t\t\t\t<div class=\"elementor-element elementor-element-76812b4 elementor-widget elementor-widget-text-editor\" data-id=\"76812b4\" data-element_type=\"widget\" data-e-type=\"widget\" data-widget_type=\"text-editor.default\">\n\t\t\t\t<div class=\"elementor-widget-container\">\n\t\t\t\t\t\t\t\t\t<p><iframe title=\"YouTube video player\" src=\"https:\/\/www.youtube.com\/embed\/LdxMVXHztlo\" width=\"560\" height=\"315\" frameborder=\"0\" allowfullscreen=\"allowfullscreen\"><\/iframe><\/p><p>\u00bfSe imagina un estado donde las abogadas de oficio, embarazadas, no pueden suspender la vista judicial ni cuando sufren dolores de parto?.<\/p><p>\u00bfSe imaginan un estado don los plenos llegan a durar 10 a\u00f1os solo en la primera fase, y los laborales, de los trabajadores, cinco?<\/p><p>\u00bfSe imaginan un estado donde los sindicatos, acusados y procesados todos ellos por corrupci\u00f3n, se llevan la mayor\u00eda de las ayudas p\u00fablicas y act\u00faan como escudos del poder?<\/p><p>\u00bfSe imaginan un estado donde centenares de miles de trabajadores p\u00fablicos est\u00e1n aband\u00f3nanos a su suerte sin ning\u00fan tipo de protecci\u00f3n laboral? Trabajadores a los cuales se les despide en junio y se les recontrata en septiembre, siempre que se muestren fieles y sumisos a quienes les contratan.<\/p><p>Sin antig\u00fcedad, sin indemnizaci\u00f3n por despido.<\/p><p>\u00bfSe imaginan un estado en el que los trabajadores p\u00fablicos, llamados Interinos, llevan as\u00ed, algunos veinte a\u00f1os?<\/p><p>\u00bfSe imaginan que adem\u00e1s, la mayor\u00eda son mujeres de mediana edad?<\/p><p>\u00bfCreen que todo esto puede seguir as\u00ed, desde hace d\u00e9cadas sin la complicidad del Poder judicial?<\/p><p>Pues s\u00ed, \u00a1Bienvenidos a Espa\u00f1a!<\/p><p><\/p>\t\t\t\t\t\t\t\t<\/div>\n\t\t\t\t<\/div>\n\t\t\t\t\t<\/div>\n\t\t<\/div>\n\t\t\t\t\t<\/div>\n\t\t<\/section>\n\t\t\t\t<\/div>\n\t\t","protected":false},"excerpt":{"rendered":"<p>S&#8217;imaginen un estat on les advocades d&#8217;ofici, embarassades, no poden suspendre la vista judicial ni amb els mals del part? S&#8217;imaginen un estat on els plets arriben a durar deu anys nom\u00e9s en la primera fase, i els laborals, dels treballadors cinc? S&#8217;imaginen un estat en qu\u00e8 dos sindicats, acusats i processats tots ells per&hellip;&nbsp;<a href=\"https:\/\/sintonizaeuropa.eu\/ca\/2021\/10\/19\/interinos-espana-ha-traspasado-todos-los-limites\/\" rel=\"bookmark\">Llegiu m\u00e9s &raquo;<span class=\"screen-reader-text\">Interins: Espanya ha traspassat tots els l\u00edmits<\/span><\/a><\/p>\n","protected":false},"author":3,"featured_media":0,"comment_status":"closed","ping_status":"open","sticky":false,"template":"","format":"standard","meta":{"neve_meta_sidebar":"","neve_meta_container":"","neve_meta_enable_content_width":"off","neve_meta_content_width":70,"neve_meta_title_alignment":"","neve_meta_author_avatar":"","neve_post_elements_order":"","neve_meta_disable_header":"","neve_meta_disable_footer":"","neve_meta_disable_title":"","_jetpack_memberships_contains_paid_content":false,"footnotes":""},"categories":[1],"tags":[],"class_list":["post-983","post","type-post","status-publish","format-standard","hentry","category-sin-categoria"],"jetpack_featured_media_url":"","jetpack_sharing_enabled":true,"_links":{"self":[{"href":"https:\/\/sintonizaeuropa.eu\/ca\/wp-json\/wp\/v2\/posts\/983","targetHints":{"allow":["GET"]}}],"collection":[{"href":"https:\/\/sintonizaeuropa.eu\/ca\/wp-json\/wp\/v2\/posts"}],"about":[{"href":"https:\/\/sintonizaeuropa.eu\/ca\/wp-json\/wp\/v2\/types\/post"}],"author":[{"embeddable":true,"href":"https:\/\/sintonizaeuropa.eu\/ca\/wp-json\/wp\/v2\/users\/3"}],"replies":[{"embeddable":true,"href":"https:\/\/sintonizaeuropa.eu\/ca\/wp-json\/wp\/v2\/comments?post=983"}],"version-history":[{"count":10,"href":"https:\/\/sintonizaeuropa.eu\/ca\/wp-json\/wp\/v2\/posts\/983\/revisions"}],"predecessor-version":[{"id":994,"href":"https:\/\/sintonizaeuropa.eu\/ca\/wp-json\/wp\/v2\/posts\/983\/revisions\/994"}],"wp:attachment":[{"href":"https:\/\/sintonizaeuropa.eu\/ca\/wp-json\/wp\/v2\/media?parent=983"}],"wp:term":[{"taxonomy":"category","embeddable":true,"href":"https:\/\/sintonizaeuropa.eu\/ca\/wp-json\/wp\/v2\/categories?post=983"},{"taxonomy":"post_tag","embeddable":true,"href":"https:\/\/sintonizaeuropa.eu\/ca\/wp-json\/wp\/v2\/tags?post=983"}],"curies":[{"name":"wp","href":"https:\/\/api.w.org\/{rel}","templated":true}]}}